{"id":66450,"date":"2023-06-10T08:17:27","date_gmt":"2023-06-10T11:17:27","guid":{"rendered":"https:\/\/corrientesdetarde.com\/?p=66450"},"modified":"2023-06-10T08:17:30","modified_gmt":"2023-06-10T11:17:30","slug":"no-hubo-actividades-en-las-escuelas-donde-se-votara-manana","status":"publish","type":"post","link":"https:\/\/corrientesdetarde.com\/index.php\/informacion-general\/no-hubo-actividades-en-las-escuelas-donde-se-votara-manana\/","title":{"rendered":"No hubo actividades en las escuelas donde se votar\u00e1 ma\u00f1ana"},"content":{"rendered":"\n<p>Los establecimientos de nivel primario y secundario se preparan para los comicios. En la jornada de ayer no tuvieron clases en ning\u00fan turno.<\/p>\n\n\n\n<p>La ciudad de Corrientes mostr\u00f3 ayer otra fisonom\u00eda en cuanto al tr\u00e1nsito debido, en mayor medida, a las elecciones legislativas que se realizar\u00e1n en la jornada de ma\u00f1ana. Tal es as\u00ed que el intenso tr\u00e1fico con el que se suele lidiar en la ciudad de lunes a viernes a la ma\u00f1ana temprano, al mediod\u00eda y en horas de la tarde, se vio disminuido debido a que los alumnos de los colegios primarios y secundarios de las escuelas en las que se votar\u00e1 no tuvieron clases por el Decreto N\u00ba1.243.<\/p>\n\n\n\n<p>Las escuelas fueron entregadas a las fuerzas de seguridad de la Provincia para que custodien la preparaci\u00f3n de las aulas que se utilizar\u00e1n de cuarto oscuro para los comicios de ma\u00f1ana domingo. En ocasiones anteriores, los establecimientos donde se votaba ten\u00edan otra metodolog\u00eda a la hora de ser entregados a las autoridades, ya que los alumnos del turno ma\u00f1ana asist\u00edan de manera normal a clases los d\u00edas viernes y los lunes no lo deb\u00edan hacer, en tanto que los del turno tarde no ten\u00edan actividades los viernes, pero s\u00ed deb\u00edan concurrir a clases en la jornada del lunes posterior a los comicios.<\/p>\n\n\n\n<p>Ayer las escuelas permanecieron cerradas en horas de la ma\u00f1ana esperando a que sean intervenidas por la fuerzas de seguridad, las que se encargar\u00e1n de la custodia durante el traslado de las urnas y, luego de terminado los comicios legislativos, las resguardar\u00e1n tras su retiro.<\/p>\n\n\n\n<p>La grilla de establecimientos educativos del sector p\u00fablico de los niveles primario y secundario que estar\u00e1n afectados al acto electoral del 11 de junio en el distrito Capital -donde se concentra la mayor cantidad de votantes del padr\u00f3n electoral provincial- ser\u00e1 un total de 85.<\/p>\n\n\n\n<h2 class=\"wp-block-heading\">Elecciones pospand\u00e9micas<\/h2>\n\n\n\n<p>Luego de que el mundo atravesara la pandemia del coronavirus, de la que la provincia de Corrientes no estuvo exenta, esta ser\u00e1 la primera elecci\u00f3n despu\u00e9s que la Organizaci\u00f3n Mundial de la Salud decretara el fin de la emergencia sanitaria internacional. Cabe recordar que para las elecciones llevadas a cabo en 2021, el tradicional kit que se les entregaba a los presidentes de mesa incluy\u00f3 elementos poco tradicionales para un acto eleccionario, d\u00edgase alcohol, barbijos, afiches de prevenci\u00f3n debido a que se cursaba una etapa compleja de la pandemia por coronavirus.<\/p>\n\n\n\n<p>Todo est\u00e1 listo para una nueva decisi\u00f3n en la que los correntinos elegir\u00e1n senadores y diputados provinciales, como as\u00ed tambi\u00e9n concejales municipales.<\/p>\n\n\n\n<h2 class=\"wp-block-heading\">Consultas atrav\u00e9s de la web<\/h2>\n\n\n\n<p>Una de las opciones para conocer la escuela y mesa en la que sufragar\u00e1n los correntinos es a trav\u00e9s de la web padron.corrientes.gob.ar.<\/p>\n\n\n\n<p>El padr\u00f3n definitivo estar\u00e1 en dicho sitio brindado por la Junta Electoral de Corrientes donde se podr\u00e1 consultar, colocando su n\u00famero de Documento Nacional de Identidad (DNI) y su g\u00e9nero. Aparecer\u00e1 el DNI, su tipo, la escuela en la que deber\u00e1n emitir su voto, el domicilio, el n\u00famero de mesa, el orden, la secci\u00f3n y el circuito electoral, como as\u00ed tambi\u00e9n el Municipio.<\/p>\n\n\n\n<p>Cabe recordar que en el sitio, en el apartado de g\u00e9nero, habr\u00e1 tres opciones: masculino, femenino y no binario, seg\u00fan lo que figura en el DNI del votante.<\/p>\n\n\n\n<p>Cabe recordar que las personas tienen tiempo para justificar la ausencia de voto en estas elecciones provinciales. Deber\u00e1n hacerlo ingresando en infractores.padron.gob.ar. En este sitio deber\u00e1n justificar el por qu\u00e9 de haber concurrido a sufragar.<\/p>\n\n\n\n<p>Cabe recordar que este ser\u00e1 el primer llamado a elecciones en la provincia de Corrientes. En el cuarto oscuro habr\u00e1 unas 56 boletas de los partidos y agrupaciones que integran, por lo que se espera que los primeros guarismos del recuento oficial se conozcan alrededor de las 20.<\/p>\n\n\n\n<h2 class=\"wp-block-heading\">&nbsp;WhatsApp: &#8220;D\u00f3nde Voto Corrientes&#8221;<\/h2>\n\n\n\n<figure class=\"wp-block-image\"><img decoding=\"async\" src=\"https:\/\/www.diarioepoca.com\/content\/bucket\/5\/1301645w380h315c.jpg.webp\" alt=\"\"\/><\/figure>\n\n\n\n<p>La aplicaci\u00f3n de mensajer\u00eda instant\u00e1nea para tel\u00e9fonos inteligentes m\u00e1s importante del mundo, WhatsApp, tambi\u00e9n brindar\u00e1 la posibilidad de conocer d\u00f3nde deber\u00e1n ir los correntinos a ejercer su derecho al voto.<\/p>\n\n\n\n<p>Para ello se habilit\u00f3 &#8220;D\u00f3nde Voto Corrientes&#8221;, un servicio gratuito por WhatsApp que le informar\u00e1 la direcci\u00f3n y la escuela en la que debe sufragar en las elecciones legislativas este domingo 11 de junio.<\/p>\n\n\n\n<p>Para ello deber\u00e1n enviar un mensaje con su DNI a +54 9 3794 90-7250 para obtener dicha informaci\u00f3n para votar.<\/p>\n\n\n\n<p>El Registro Civil atender\u00e1 ma\u00f1ana<\/p>\n\n\n\n<p>El Registro Provincial de las Personas de la Provincia de Corrientes atender\u00e1 en la jornada de ma\u00f1ana, ya que seg\u00fan su director, Pablo Cano, tienen alrededor de 600 documentos con posibilidad de ser entregados el domingo.<\/p>\n\n\n\n<p>&#8220;Vamos a estar trabajando tanto en el Registro Civil de Capital como en las delegaciones del interior que tengan DNI para hacer entrega. Habr\u00e1 una guardia permanente durante el horario de elecciones al solo y \u00fanico efecto de entregar DNI&#8221;, destac\u00f3 el titular del Registro Civil.<\/p>\n\n\n\n<p>Consultado sobre la cantidad de ejemplares que tienen para ser entregados a las personas en la jornada de ma\u00f1ana, Cano remarc\u00f3: &#8220;Hay una suma importante, no tanto como otros a\u00f1os en los que llegamos a 4.000 DNI, pero ahora aqu\u00ed en Capital tenemos alrededor de 600&#8221;.<\/p>\n\n\n\n<p>Cano resalt\u00f3 que estar\u00e1n atendiendo este domingo de 8 a 18 y que en el interior las delegaciones est\u00e1n supeditadas a si tienen o no ejemplares para entregar. &#8220;En algunos lugares del interior hay localidades peque\u00f1as que ya informaron que no tienen DNI para la entrega y por tal motivo no van a estar abiertas&#8221;, detall\u00f3.<\/p>\n\n\n\n<p>Para finalizar, Pablo Cano volvi\u00f3 a remarcar que &#8220;el Registro estar\u00e1 abierto a las 8 en punto, o sea a las 8:10 los que est\u00e1n interesados podr\u00e1n retirar sus DNI. No obstante, habr\u00e1 una guardia a la tarde&#8221;.<\/p>\n","protected":false},"excerpt":{"rendered":"<p>Los establecimientos de nivel primario y secundario se preparan para los comicios. En la jornada de ayer no tuvieron clases en ning\u00fan turno. La ciudad de Corrientes mostr\u00f3 ayer otra&hellip; <\/p>\n","protected":false},"author":3,"featured_media":66451,"comment_status":"closed","ping_status":"open","sticky":false,"template":"","format":"standard","meta":{"footnotes":""},"categories":[1],"tags":[],"class_list":["post-66450","post","type-post","status-publish","format-standard","has-post-thumbnail","hentry","category-informacion-general"],"_links":{"self":[{"href":"https:\/\/corrientesdetarde.com\/index.php\/wp-json\/wp\/v2\/posts\/66450","targetHints":{"allow":["GET"]}}],"collection":[{"href":"https:\/\/corrientesdetarde.com\/index.php\/wp-json\/wp\/v2\/posts"}],"about":[{"href":"https:\/\/corrientesdetarde.com\/index.php\/wp-json\/wp\/v2\/types\/post"}],"author":[{"embeddable":true,"href":"https:\/\/corrientesdetarde.com\/index.php\/wp-json\/wp\/v2\/users\/3"}],"replies":[{"embeddable":true,"href":"https:\/\/corrientesdetarde.com\/index.php\/wp-json\/wp\/v2\/comments?post=66450"}],"version-history":[{"count":1,"href":"https:\/\/corrientesdetarde.com\/index.php\/wp-json\/wp\/v2\/posts\/66450\/revisions"}],"predecessor-version":[{"id":66452,"href":"https:\/\/corrientesdetarde.com\/index.php\/wp-json\/wp\/v2\/posts\/66450\/revisions\/66452"}],"wp:featuredmedia":[{"embeddable":true,"href":"https:\/\/corrientesdetarde.com\/index.php\/wp-json\/wp\/v2\/media\/66451"}],"wp:attachment":[{"href":"https:\/\/corrientesdetarde.com\/index.php\/wp-json\/wp\/v2\/media?parent=66450"}],"wp:term":[{"taxonomy":"category","embeddable":true,"href":"https:\/\/corrientesdetarde.com\/index.php\/wp-json\/wp\/v2\/categories?post=66450"},{"taxonomy":"post_tag","embeddable":true,"href":"https:\/\/corrientesdetarde.com\/index.php\/wp-json\/wp\/v2\/tags?post=66450"}],"curies":[{"name":"wp","href":"https:\/\/api.w.org\/{rel}","templated":true}]}}