{"id":66456,"date":"2023-06-10T08:19:26","date_gmt":"2023-06-10T11:19:26","guid":{"rendered":"https:\/\/corrientesdetarde.com\/?p=66456"},"modified":"2023-06-10T08:19:41","modified_gmt":"2023-06-10T11:19:41","slug":"allanamientos-a-la-busqueda-del-autor-de-un-asalto-con-cuchillo","status":"publish","type":"post","link":"https:\/\/corrientesdetarde.com\/index.php\/policiales\/allanamientos-a-la-busqueda-del-autor-de-un-asalto-con-cuchillo\/","title":{"rendered":"Allanamientos a la b\u00fasqueda del autor de un asalto con cuchillo"},"content":{"rendered":"\n<p>Un delincuente amenaz\u00f3 de muerte a un muchacho cerca del hospital de salud mental. As\u00ed sustrajo algunas cosas y huy\u00f3 hacia el barrio Cichero. Ser\u00eda el mismo sujeto que rob\u00f3 dinero de un cami\u00f3n. Vecinos cansados de sus fechor\u00edas.<\/p>\n\n\n\n<p>La Polic\u00eda realiz\u00f3 una serie de allanamientos a la b\u00fasqueda de un delincuente autor de al menos dos robos en menos de una semana en la capital provincial. Uno de los delitos fue cometido a mano armada y provoc\u00f3 alarma entre vecinos que est\u00e1n cansados de sus fechor\u00edas.<\/p>\n\n\n\n<p>A pesar de los intensos trabajos, el sospechoso no fue localizado y permanec\u00eda en calidad de pr\u00f3fugo. No obstante, su captura ser\u00eda nada m\u00e1s una cuesti\u00f3n de tiempo.<\/p>\n\n\n\n<p>Los procedimientos ocurrieron en distintos domicilios del barrio Cichero, zona de la ciudad en la que en los \u00faltimos d\u00edas ocurrieron la sustracci\u00f3n de una mochila cargada de dinero y de efectos personales a un joven, interceptado a punta de cuchillo mientras caminaba en cercan\u00edas al hospital de salud mental.<\/p>\n\n\n\n<p>De acuerdo a informaci\u00f3n recabada por \u00e9poca, al tanto del il\u00edcito tipificado como &#8220;robo calificado&#8221; por el uso de arma, autoridades de la comisar\u00eda seccional Sexta dieron curso a una investigaci\u00f3n r\u00e1pida.<\/p>\n\n\n\n<figure class=\"wp-block-image\"><img decoding=\"async\" src=\"https:\/\/www.diarioepoca.com\/content\/bucket\/8\/1301618w380h351c.jpg.webp\" alt=\"\"\/><figcaption>CONTINUAR\u00c1N LOS TRABAJOS PARA DAR CON LUCAS.<\/figcaption><\/figure>\n\n\n\n<p>A partir de la declaraci\u00f3n del damnificado, m\u00e1s reuni\u00f3n de datos conseguidos en alrededores de la zona del asalto callejero, identificaron al presunto autor. Se trata de un hombre de joven edad de nombre Lucas.<\/p>\n\n\n\n<p>Tal sujeto cuenta con frondosos antecedentes relacionados a casos de robos y hurtos.<\/p>\n\n\n\n<figure class=\"wp-block-image\"><img decoding=\"async\" src=\"https:\/\/www.diarioepoca.com\/content\/bucket\/1\/1301621w380h432c.jpg.webp\" alt=\"\"\/><figcaption>SEGUNDOS ANTES DE ROBAR EL BOLSO DE ESE CAMI\u00d3N.<\/figcaption><\/figure>\n\n\n\n<p>El lunes 5 de junio, a la siesta, Lucas ser\u00eda el ladr\u00f3n que ingres\u00f3 la mitad de su cuerpo a la cabina de un cami\u00f3n estacionado en calle Pamp\u00edn cerca de una arenera.<\/p>\n\n\n\n<p>Aprovechando que el chofer estaba a un costado del veh\u00edculo cometi\u00f3 la sustracci\u00f3n de un bolso cargado de la suma de 80 mil pesos, un tel\u00e9fono celular y algunas prendas de vestir.<\/p>\n\n\n\n<p>Una c\u00e1mara de seguridad instalada en la cuadra capt\u00f3 el momento preciso del il\u00edcito. En las im\u00e1genes aparece el ladr\u00f3n rodeando el veh\u00edculo de carga y cuando nota la lejan\u00eda del camionero sube al estribo, mete la mitad del cuerpo a trav\u00e9s del espacio de la ventanilla y saca el bolso. Con el bot\u00edn en manos escapa corriendo hacia un pasaje cercano rumbo al &#8220;pulm\u00f3n&#8221; del Cichero.<\/p>\n\n\n\n<figure class=\"wp-block-image\"><img decoding=\"async\" src=\"https:\/\/www.diarioepoca.com\/content\/bucket\/9\/1301619w380h349c.jpg.webp\" alt=\"\"\/><figcaption>RODEARON VARIAS CASAS SIN DAR CON EL SOSPECHOSO.<\/figcaption><\/figure>\n\n\n\n<p>Por dichos de vecinos el autor &#8220;fue Lucas&#8221;, un delincuente que en otras oportunidades estuvo se\u00f1alado como responsable de robar espejos de motos, ropas y celulares en arrebatos.<\/p>\n\n\n\n<p>Si bien la Polic\u00eda supo del il\u00edcito en perjuicio del transportista, no &#8220;hay denuncia&#8221; formal. El damnificado desisti\u00f3 de acudir a la comisar\u00eda, en este caso la seccional Cuarta.<\/p>\n\n\n\n<p>Un par de d\u00edas m\u00e1s tarde se produjo el asalto a punta de cuchillo y la informaci\u00f3n recopilada de parte de la Polic\u00eda apunta a Lucas como el responsable, aunque en esta ocasi\u00f3n habr\u00eda contado con un c\u00f3mplice. El atraco sucedi\u00f3 en calle V\u00e9lez Sarsfield, entre Guido Spano y Pringles.<\/p>\n\n\n\n<figure class=\"wp-block-image\"><img decoding=\"async\" src=\"https:\/\/www.diarioepoca.com\/content\/bucket\/0\/1301620w380h279c.jpg.webp\" alt=\"\"\/><figcaption>LA DIVISI\u00d3N POLIC\u00cdA DE ALTO RIESGO EN APOYO A LA COMISAR\u00cdA SEXTA.<\/figcaption><\/figure>\n\n\n\n<p>Una vez lograda la identidad del presunto malviviente, efectivos de la comisar\u00eda Sexta solicitaron a la Justicia \u00f3rdenes de allanamiento que llevaron adelante con apoyo de la Divisi\u00f3n Polic\u00eda de Alto Riesgo.<\/p>\n","protected":false},"excerpt":{"rendered":"<p>Un delincuente amenaz\u00f3 de muerte a un muchacho cerca del hospital de salud mental. As\u00ed sustrajo algunas cosas y huy\u00f3 hacia el barrio Cichero. Ser\u00eda el mismo sujeto que rob\u00f3&hellip; <\/p>\n","protected":false},"author":3,"featured_media":66457,"comment_status":"closed","ping_status":"open","sticky":false,"template":"","format":"standard","meta":{"footnotes":""},"categories":[33],"tags":[],"class_list":["post-66456","post","type-post","status-publish","format-standard","has-post-thumbnail","hentry","category-policiales"],"_links":{"self":[{"href":"https:\/\/corrientesdetarde.com\/index.php\/wp-json\/wp\/v2\/posts\/66456","targetHints":{"allow":["GET"]}}],"collection":[{"href":"https:\/\/corrientesdetarde.com\/index.php\/wp-json\/wp\/v2\/posts"}],"about":[{"href":"https:\/\/corrientesdetarde.com\/index.php\/wp-json\/wp\/v2\/types\/post"}],"author":[{"embeddable":true,"href":"https:\/\/corrientesdetarde.com\/index.php\/wp-json\/wp\/v2\/users\/3"}],"replies":[{"embeddable":true,"href":"https:\/\/corrientesdetarde.com\/index.php\/wp-json\/wp\/v2\/comments?post=66456"}],"version-history":[{"count":1,"href":"https:\/\/corrientesdetarde.com\/index.php\/wp-json\/wp\/v2\/posts\/66456\/revisions"}],"predecessor-version":[{"id":66458,"href":"https:\/\/corrientesdetarde.com\/index.php\/wp-json\/wp\/v2\/posts\/66456\/revisions\/66458"}],"wp:featuredmedia":[{"embeddable":true,"href":"https:\/\/corrientesdetarde.com\/index.php\/wp-json\/wp\/v2\/media\/66457"}],"wp:attachment":[{"href":"https:\/\/corrientesdetarde.com\/index.php\/wp-json\/wp\/v2\/media?parent=66456"}],"wp:term":[{"taxonomy":"category","embeddable":true,"href":"https:\/\/corrientesdetarde.com\/index.php\/wp-json\/wp\/v2\/categories?post=66456"},{"taxonomy":"post_tag","embeddable":true,"href":"https:\/\/corrientesdetarde.com\/index.php\/wp-json\/wp\/v2\/tags?post=66456"}],"curies":[{"name":"wp","href":"https:\/\/api.w.org\/{rel}","templated":true}]}}