{"id":66459,"date":"2023-06-10T08:20:30","date_gmt":"2023-06-10T11:20:30","guid":{"rendered":"https:\/\/corrientesdetarde.com\/?p=66459"},"modified":"2023-06-10T08:20:31","modified_gmt":"2023-06-10T11:20:31","slug":"conductora-choco-los-conos-de-la-plaza-la-cruz","status":"publish","type":"post","link":"https:\/\/corrientesdetarde.com\/index.php\/informacion-general\/conductora-choco-los-conos-de-la-plaza-la-cruz\/","title":{"rendered":"Conductora choc\u00f3 los conos de la plaza La Cruz"},"content":{"rendered":"\n<p>Una desgracia con suerte ocurri\u00f3 anoche en la remozada plaza La Cruz de Capital. Todo presum\u00eda que ser\u00eda una tranquila noche primaveral para disfrutar del recientemente puesto en valor paseo c\u00e9ntrico, pero la paz de grandes y chicos, sumado a los vecinos del barrio del mismo nombre qued\u00f3 perturbada al escucharse un fuerte ruido que provino de calle Bol\u00edvar.<\/p>\n\n\n\n<p>Es que una se\u00f1ora colision\u00f3 contra los nuevos topes que se colocaron frente a la escuela N\u00ba3 Del Centenario llev\u00e1ndose a su paso varios de ellos, lo que ocasion\u00f3 la rotura de la parte delantera de su veh\u00edculo del cual emanaba el aceite del motor.<\/p>\n\n\n\n<p>Seg\u00fan vecinos, la persona de avanzada edad no habr\u00eda visto los conos de cemento, lo que provoc\u00f3 que colisionara contra varios y terminara literalmente &#8220;subida&#8221; a uno de ellos rompiendo gran parte del tren delantero su camioneta modelo Chevrolet Tracker.<\/p>\n\n\n\n<p>Las personas que se encontraban disfrutando del paseo p\u00fablico no pod\u00edan salir del asombro al ver c\u00f3mo la se\u00f1ora se llevaba por delante los topes de cemento, al mismo tiempo que remarcaron que la persona al volante &#8220;no ven\u00eda a alta velocidad, pero no vio los conos&#8221;. Esto evit\u00f3 que ocurriera un mal mayor, tanto para la conductora como para los dem\u00e1s transe\u00fantes, ya que la noche se prestaba para estar dando un paseo en familia por la plaza.<\/p>\n\n\n\n<p>Cabe recordar que las remodelaciones de la plaza La Cruz fueron inauguradas por las m\u00e1ximas autoridades de la Provincia y el Municipio en un nuevo aniversario de la del &#8220;Madero Sagrado&#8221; el 3 de mayo pasado.<\/p>\n\n\n\n<p>La Polic\u00eda se acerc\u00f3 a realizar las pericias del caso y constatar que la se\u00f1ora se encontrara bien tras haber dado de lleno contra los conos. Aparentemente, a la persona mayor no le habr\u00eda ocurrido nada, m\u00e1s que el susto por lo que le ocurri\u00f3, pero su camioneta s\u00ed sufri\u00f3 severos da\u00f1os.<\/p>\n","protected":false},"excerpt":{"rendered":"<p>Una desgracia con suerte ocurri\u00f3 anoche en la remozada plaza La Cruz de Capital. Todo presum\u00eda que ser\u00eda una tranquila noche primaveral para disfrutar del recientemente puesto en valor paseo&hellip; <\/p>\n","protected":false},"author":3,"featured_media":66460,"comment_status":"closed","ping_status":"open","sticky":false,"template":"","format":"standard","meta":{"footnotes":""},"categories":[1],"tags":[],"class_list":["post-66459","post","type-post","status-publish","format-standard","has-post-thumbnail","hentry","category-informacion-general"],"_links":{"self":[{"href":"https:\/\/corrientesdetarde.com\/index.php\/wp-json\/wp\/v2\/posts\/66459","targetHints":{"allow":["GET"]}}],"collection":[{"href":"https:\/\/corrientesdetarde.com\/index.php\/wp-json\/wp\/v2\/posts"}],"about":[{"href":"https:\/\/corrientesdetarde.com\/index.php\/wp-json\/wp\/v2\/types\/post"}],"author":[{"embeddable":true,"href":"https:\/\/corrientesdetarde.com\/index.php\/wp-json\/wp\/v2\/users\/3"}],"replies":[{"embeddable":true,"href":"https:\/\/corrientesdetarde.com\/index.php\/wp-json\/wp\/v2\/comments?post=66459"}],"version-history":[{"count":1,"href":"https:\/\/corrientesdetarde.com\/index.php\/wp-json\/wp\/v2\/posts\/66459\/revisions"}],"predecessor-version":[{"id":66461,"href":"https:\/\/corrientesdetarde.com\/index.php\/wp-json\/wp\/v2\/posts\/66459\/revisions\/66461"}],"wp:featuredmedia":[{"embeddable":true,"href":"https:\/\/corrientesdetarde.com\/index.php\/wp-json\/wp\/v2\/media\/66460"}],"wp:attachment":[{"href":"https:\/\/corrientesdetarde.com\/index.php\/wp-json\/wp\/v2\/media?parent=66459"}],"wp:term":[{"taxonomy":"category","embeddable":true,"href":"https:\/\/corrientesdetarde.com\/index.php\/wp-json\/wp\/v2\/categories?post=66459"},{"taxonomy":"post_tag","embeddable":true,"href":"https:\/\/corrientesdetarde.com\/index.php\/wp-json\/wp\/v2\/tags?post=66459"}],"curies":[{"name":"wp","href":"https:\/\/api.w.org\/{rel}","templated":true}]}}