{"id":66462,"date":"2023-06-10T08:21:29","date_gmt":"2023-06-10T11:21:29","guid":{"rendered":"https:\/\/corrientesdetarde.com\/?p=66462"},"modified":"2023-06-10T08:21:50","modified_gmt":"2023-06-10T11:21:50","slug":"corrientes-presento-crecimiento-de-asalariados-privados-registrados","status":"publish","type":"post","link":"https:\/\/corrientesdetarde.com\/index.php\/locales\/corrientes-presento-crecimiento-de-asalariados-privados-registrados\/","title":{"rendered":"Corrientes present\u00f3 crecimiento de asalariados privados registrados"},"content":{"rendered":"\n<p>En lo que hace a la regi\u00f3n del NEA, la provincia se encuentra en el segundo lugar despu\u00e9s de Misiones. En los \u00faltimos diez a\u00f1os creci\u00f3 un 8%, al tiempo que a nivel nacional baj\u00f3 dos puntos.<\/p>\n\n\n\n<p>En las \u00faltimas horas se dio a conocer que Corrientes alcanz\u00f3, por primera vez, su cifra hist\u00f3rica (80.940) m\u00e1s alta de asalariados privados registrados, seg\u00fan los datos expresados por la medici\u00f3n que realiza el Sistema Integrado Previsional Argentino (SIPA). Por ende, detall\u00f3 que en diez a\u00f1os creci\u00f3 un 8%, al tiempo que a nivel nacional baj\u00f3 dos puntos.<\/p>\n\n\n\n<p>En este contexto, el director de Estad\u00edstica y Censo de la Provincia, Francisco Bosco, indic\u00f3 que &#8220;a nivel de cantidad de empleados privados registrados, Corrientes se encuentra en el segundo lugar a nivel NEA (1\u00ba Misiones, 3\u00ba Chaco y el \u00faltimo lugar lo ocupa Formosa con 27.476), y agreg\u00f3 que &#8220;estos datos son del SIPA y viene de lo que declaran las empresas, por eso se hace hincapi\u00e9 en lo que son asalariados registrados&#8221;.<\/p>\n\n\n\n<p>&#8220;No significa que estos n\u00fameros representen la cantidad total de empleados que hay en toda la provincia y tampoco se contempla a los monotributistas, esos son otros, son los que tienen dependencia&#8221;, coment\u00f3, refiri\u00e9ndose al n\u00famero de trabajadores aludidos en este registro en el tercer mes del a\u00f1o.<\/p>\n\n\n\n<figure class=\"wp-block-image\"><img decoding=\"async\" src=\"https:\/\/www.diarioepoca.com\/content\/bucket\/7\/1301597w380h927c.jpg.webp\" alt=\"\"\/><figcaption>EN DIEZ A\u00d1OS CORRIENTES CRECI\u00d3 UN 8%.<\/figcaption><\/figure>\n\n\n\n<h2 class=\"wp-block-heading\">M\u00e1s detalles<\/h2>\n\n\n\n<p>Adem\u00e1s, detall\u00f3 que del a\u00f1o 2022 al 2023 hubo un crecimiento exponencial en el registro de los asalariados, al haberse registrado el a\u00f1o pasado 76.647, representando 900 puestos m\u00e1s y siendo equivalente a una variaci\u00f3n positiva del 1,2% respecto al mes anterior.<\/p>\n\n\n\n<p>A su vez, comparando con el mismo mes del a\u00f1o 2021 -marzo del a\u00f1o anterior-, se observa un incremento del 1,1%, equivalente a 813 puestos de trabajo acumulados desde dicho mes.<\/p>\n\n\n\n<p>De esta manera, marzo del 2022 se registr\u00f3 como el d\u00e9cimo tercer mes consecutivo con variaciones interanuales positivas.<\/p>\n\n\n\n<p>En este punto, Bosco remarc\u00f3 que &#8220;a nivel exponencial, aproximadamente, habr\u00eda un aumento de cinco mil trabajadores registrados sobre la cifra del 2022&#8221;.<\/p>\n\n\n\n<p>Por otro lado, el titular de Estad\u00edstica y Censo ejemplific\u00f3 que &#8220;el sector industrial de asalariados privados registrados en diez a\u00f1os en Corrientes creci\u00f3 un 8% y a nivel nacional baj\u00f3 dos puntos&#8221;, en el mismo per\u00edodo.<\/p>\n\n\n\n<p>Asimismo, destac\u00f3 que &#8220;la foresto-industria es un sector que est\u00e1 creciendo, en 2004 pesaba un 4% dentro de la industria manufacturera y ahora llega a un 15%, estando la tendencia en alta. Tambi\u00e9n, somos la foresto-industria m\u00e1s grande del pa\u00eds en plantaci\u00f3n&#8221;.<\/p>\n\n\n\n<p>&#8220;Lo fundamental que se busca con las pol\u00edticas de Estado es que el sector privado crezca&#8221;, concluy\u00f3 el titular de la direcci\u00f3n.<\/p>\n\n\n\n<h2 class=\"wp-block-heading\">Otros datos<\/h2>\n\n\n\n<p>Sumado a estos n\u00fameros, en los primeros d\u00edas de este mes, desde la entidad provincial antes mencionada precisaron que Corrientes registr\u00f3 el incremento m\u00e1s alto del NEA respecto a los trabajadores asalariados registrados del sector industrial, ya que present\u00f3 una suba del 8,6% en el per\u00edodo 2014-2023, superando al 5,7% de Formosa, 4,4% de Misiones y el 1% de Chaco.<\/p>\n\n\n\n<p>Tambi\u00e9n detallaron que a nivel nacional los asalariados registrados en el sector privado pertenecientes al rubro Industria Manufacturera decrecieron un 1,6% entre enero de 2014 y enero de 2023.<\/p>\n\n\n\n<p>Pero las provincias del NEA registraron n\u00fameros positivos, como se mencion\u00f3 previamente.<\/p>\n\n\n\n<p>A enero de este a\u00f1o, Corrientes registra 13.507 asalariados registrados privados industriales.<\/p>\n\n\n\n<p>Mientas que Formosa tiene 2.585, Chaco 8.769 y Misiones 23.277.<\/p>\n\n\n\n<p>En esa l\u00ednea, Bosco se\u00f1al\u00f3 que en lo que hace a otros factores, los 18 parques industriales creados en la provincia en los \u00faltimos a\u00f1os fueron de mucha ayuda para el crecimiento exponencial de estos n\u00fameros.<\/p>\n\n\n\n<h2 class=\"wp-block-heading\">Inicia el Plus de Refuerzo para la administraci\u00f3n p\u00fablica<\/h2>\n\n\n\n<figure class=\"wp-block-image\"><img decoding=\"async\" src=\"https:\/\/www.diarioepoca.com\/content\/bucket\/1\/1301651w380h208c.jpg.webp\" alt=\"\"\/><\/figure>\n\n\n\n<p>A trav\u00e9s de sus redes sociales, el gobernador Gustavo Vald\u00e9s inform\u00f3 que el pago del Plus de Refuerzo de $15.000 por agente comienza este lunes 12, d\u00eda que percibir\u00e1n aquellos con Documento Nacional de Identidad terminados en 0 y 1.<\/p>\n\n\n\n<p>Este tramo estar\u00e1 disponible a trav\u00e9s de los cajeros autom\u00e1ticos habilitados por el Banco de Corrientes SA, desde hoy, s\u00e1bado 10.<\/p>\n\n\n\n<p>En concepto de pago del Plus de Refuerzo de $15 mil por agente, el Gobierno de Corrientes invierte unos $1.300 millones.<\/p>\n\n\n\n<p>El martes 13 ser\u00e1 el turno de aquellos con documentos finalizados en los n\u00fameros 2 y 3; el mi\u00e9rcoles 14, los agentes con DNI 4 y 5.<\/p>\n\n\n\n<p>Ya para el jueves 15 ser\u00e1 el turno de los trabajadores que terminen en 6 y 7; y el viernes 16, los n\u00fameros 8 y 9.<\/p>\n\n\n\n<h2 class=\"wp-block-heading\">En Goya otorgar\u00e1n un bono de $15 mil por el D\u00eda del Padre<\/h2>\n\n\n\n<figure class=\"wp-block-image\"><img decoding=\"async\" src=\"https:\/\/www.diarioepoca.com\/content\/bucket\/0\/1301650w380h208c.jpg.webp\" alt=\"\"\/><\/figure>\n\n\n\n<p>Al igual que a\u00f1os anteriores, el intendente de Goya, Mariano Hormaechea, a trav\u00e9s de su cuenta de Twitter comunic\u00f3 que &#8220;con motivo de celebrarse este mes el D\u00eda del Padre, la Municipalidad abonar\u00e1 a la totalidad de trabajadores (planta permanente, contratados, expedientes -becarios- y trabajadores por d\u00eda), un bono de $15 mil&#8221;.<\/p>\n\n\n\n<p>El mismo se har\u00e1 efectivo el d\u00eda 16 del corriente mes.<\/p>\n\n\n\n<p>Sumado a esto, ayer se abon\u00f3 la remuneraci\u00f3n correspondiente al mes de mayo, con un aumento del 20% para los trabajadores. A su vez, el personal por d\u00eda tambi\u00e9n gozar\u00e1 de un 20% de incremento.<\/p>\n\n\n\n<p>Recordamos que los haberes del mes de mayo del personal de planta permanente y contratados tendr\u00e1 un incremento en el b\u00e1sico del 20%, que fue abonado el mi\u00e9rcoles 31 del mismo mes.<\/p>\n","protected":false},"excerpt":{"rendered":"<p>En lo que hace a la regi\u00f3n del NEA, la provincia se encuentra en el segundo lugar despu\u00e9s de Misiones. En los \u00faltimos diez a\u00f1os creci\u00f3 un 8%, al tiempo&hellip; <\/p>\n","protected":false},"author":3,"featured_media":66463,"comment_status":"closed","ping_status":"open","sticky":false,"template":"","format":"standard","meta":{"footnotes":""},"categories":[8],"tags":[],"class_list":["post-66462","post","type-post","status-publish","format-standard","has-post-thumbnail","hentry","category-locales"],"_links":{"self":[{"href":"https:\/\/corrientesdetarde.com\/index.php\/wp-json\/wp\/v2\/posts\/66462","targetHints":{"allow":["GET"]}}],"collection":[{"href":"https:\/\/corrientesdetarde.com\/index.php\/wp-json\/wp\/v2\/posts"}],"about":[{"href":"https:\/\/corrientesdetarde.com\/index.php\/wp-json\/wp\/v2\/types\/post"}],"author":[{"embeddable":true,"href":"https:\/\/corrientesdetarde.com\/index.php\/wp-json\/wp\/v2\/users\/3"}],"replies":[{"embeddable":true,"href":"https:\/\/corrientesdetarde.com\/index.php\/wp-json\/wp\/v2\/comments?post=66462"}],"version-history":[{"count":1,"href":"https:\/\/corrientesdetarde.com\/index.php\/wp-json\/wp\/v2\/posts\/66462\/revisions"}],"predecessor-version":[{"id":66464,"href":"https:\/\/corrientesdetarde.com\/index.php\/wp-json\/wp\/v2\/posts\/66462\/revisions\/66464"}],"wp:featuredmedia":[{"embeddable":true,"href":"https:\/\/corrientesdetarde.com\/index.php\/wp-json\/wp\/v2\/media\/66463"}],"wp:attachment":[{"href":"https:\/\/corrientesdetarde.com\/index.php\/wp-json\/wp\/v2\/media?parent=66462"}],"wp:term":[{"taxonomy":"category","embeddable":true,"href":"https:\/\/corrientesdetarde.com\/index.php\/wp-json\/wp\/v2\/categories?post=66462"},{"taxonomy":"post_tag","embeddable":true,"href":"https:\/\/corrientesdetarde.com\/index.php\/wp-json\/wp\/v2\/tags?post=66462"}],"curies":[{"name":"wp","href":"https:\/\/api.w.org\/{rel}","templated":true}]}}