{"id":66465,"date":"2023-06-10T09:18:30","date_gmt":"2023-06-10T12:18:30","guid":{"rendered":"https:\/\/corrientesdetarde.com\/?p=66465"},"modified":"2023-06-10T09:18:32","modified_gmt":"2023-06-10T12:18:32","slug":"se-espera-un-frente-frio-de-hasta-2c-sin-lluvias","status":"publish","type":"post","link":"https:\/\/corrientesdetarde.com\/index.php\/clima\/se-espera-un-frente-frio-de-hasta-2c-sin-lluvias\/","title":{"rendered":"Se espera un frente fr\u00edo de hasta 2\u00b0C sin lluvias"},"content":{"rendered":"\n<p>Luego de una semana c\u00e1lida, regresa el fr\u00edo a la ciudad de Corrientes. Para este s\u00e1bado, se espera una m\u00ednima de 9\u00b0C y una m\u00e1xima de 13\u00b0C, los cielos permanecer\u00e1n nublados durante todo el d\u00eda. Con una amplia probabilidad de vientos de 23 a 31 kil\u00f3metros por el sector sur y con fuertes r\u00e1fagas durante la tarde de 42 a 50 kil\u00f3metros por hora.&nbsp;<\/p>\n\n\n\n<p>Seg\u00fan los datos del Servicio Meteorol\u00f3gico Nacional, para el domingo llegar\u00e1n las temperaturas m\u00e1s bajas con m\u00ednimas que podr\u00edan llegar hasta los 4\u00b0C en horas de la madrugada y una m\u00e1xima de 11\u00b0C por la tarde.&nbsp;<\/p>\n\n\n\n<p>Los cielos estar\u00e1n despejados y soleados durante el d\u00eda. Los vientos continuar\u00e1n por el sector sur de 13 a 22 kil\u00f3metros por hora.&nbsp;<\/p>\n\n\n\n<p>Las bajas temperaturas se presentar\u00e1n durante la semana, para el lunes y martes se esperan m\u00ednimas de hasta 2\u00b0C y m\u00e1ximas de 12\u00b0C, con cielos despejados y sin probabilidades de lluvias para ambos d\u00edas. Los vientos ir\u00e1n de 7 a 12 kil\u00f3metros por el sureste.&nbsp;<\/p>\n\n\n\n<p>En cuanto a las lluvias, el Instituto de Clima y Agua dependiente del Instituto Nacional de Tecnolog\u00eda Agron\u00f3mica (Inta) se\u00f1al\u00f3 en un informe que \u201cpara el pr\u00f3ximo trimestre las lluvias ser\u00e1n superiores a las normales para la \u00e9poca, sobre todo para la provincia con una probabilidad de entre 45 y 50%. Por lo que se prev\u00e9 un trimestre m\u00e1s h\u00famedo de lo normal\u201d.&nbsp;<\/p>\n","protected":false},"excerpt":{"rendered":"<p>Luego de una semana c\u00e1lida, regresa el fr\u00edo a la ciudad de Corrientes. Para este s\u00e1bado, se espera una m\u00ednima de 9\u00b0C y una m\u00e1xima de 13\u00b0C, los cielos permanecer\u00e1n&hellip; <\/p>\n","protected":false},"author":3,"featured_media":66466,"comment_status":"closed","ping_status":"open","sticky":false,"template":"","format":"standard","meta":{"footnotes":""},"categories":[29],"tags":[],"class_list":["post-66465","post","type-post","status-publish","format-standard","has-post-thumbnail","hentry","category-clima"],"_links":{"self":[{"href":"https:\/\/corrientesdetarde.com\/index.php\/wp-json\/wp\/v2\/posts\/66465","targetHints":{"allow":["GET"]}}],"collection":[{"href":"https:\/\/corrientesdetarde.com\/index.php\/wp-json\/wp\/v2\/posts"}],"about":[{"href":"https:\/\/corrientesdetarde.com\/index.php\/wp-json\/wp\/v2\/types\/post"}],"author":[{"embeddable":true,"href":"https:\/\/corrientesdetarde.com\/index.php\/wp-json\/wp\/v2\/users\/3"}],"replies":[{"embeddable":true,"href":"https:\/\/corrientesdetarde.com\/index.php\/wp-json\/wp\/v2\/comments?post=66465"}],"version-history":[{"count":1,"href":"https:\/\/corrientesdetarde.com\/index.php\/wp-json\/wp\/v2\/posts\/66465\/revisions"}],"predecessor-version":[{"id":66467,"href":"https:\/\/corrientesdetarde.com\/index.php\/wp-json\/wp\/v2\/posts\/66465\/revisions\/66467"}],"wp:featuredmedia":[{"embeddable":true,"href":"https:\/\/corrientesdetarde.com\/index.php\/wp-json\/wp\/v2\/media\/66466"}],"wp:attachment":[{"href":"https:\/\/corrientesdetarde.com\/index.php\/wp-json\/wp\/v2\/media?parent=66465"}],"wp:term":[{"taxonomy":"category","embeddable":true,"href":"https:\/\/corrientesdetarde.com\/index.php\/wp-json\/wp\/v2\/categories?post=66465"},{"taxonomy":"post_tag","embeddable":true,"href":"https:\/\/corrientesdetarde.com\/index.php\/wp-json\/wp\/v2\/tags?post=66465"}],"curies":[{"name":"wp","href":"https:\/\/api.w.org\/{rel}","templated":true}]}}