{"id":66471,"date":"2023-06-10T09:20:50","date_gmt":"2023-06-10T12:20:50","guid":{"rendered":"https:\/\/corrientesdetarde.com\/?p=66471"},"modified":"2023-06-10T09:20:56","modified_gmt":"2023-06-10T12:20:56","slug":"hacienda-avanza-con-procesos-de-modernizacion-del-registro-de-propiedad-inmueble","status":"publish","type":"post","link":"https:\/\/corrientesdetarde.com\/index.php\/locales\/hacienda-avanza-con-procesos-de-modernizacion-del-registro-de-propiedad-inmueble\/","title":{"rendered":"Hacienda avanza con procesos de modernizaci\u00f3n del Registro de Propiedad Inmueble"},"content":{"rendered":"\n<p><strong><em>Habilitaron per\u00edodo de testeo del software en la entidad oficial; tambi\u00e9n se inici\u00f3 la capacitaci\u00f3n del personal. El ministro de Hacienda y Finanzas Marcelo Rivas Piasentini sostuvo que en los pr\u00f3ximos meses se implementar\u00e1 el nuevo sistema.&nbsp;Mejor servicio, digitalizaci\u00f3n, acceso de manera inmediata, remota y presencial a la base de datos m\u00e1s la comunicaci\u00f3n de estos organismos con sus usuarios.<\/em><\/strong><\/p>\n\n\n\n<p>Se realiz\u00f3 una demostraci\u00f3n del proceso de aplicaci\u00f3n del software en la Direcci\u00f3n de Registro de la Propiedad Inmueble, dependiente del Ministerio de Hacienda y Finanzas de Corrientes. Tambi\u00e9n se inici\u00f3 un per\u00edodo de test de su funcionamiento como paso previo a la implementaci\u00f3n para que empiece su producci\u00f3n en los pr\u00f3ximos meses.<\/p>\n\n\n\n<p>La presentaci\u00f3n, en el marco de la ejecuci\u00f3n de la pol\u00edtica de modernizaci\u00f3n del Estado provincial, cont\u00f3 con la presencia del ministro de Hacienda y Finanzas Marcelo Rivas Piasentini, quien estuvo acompa\u00f1ado del subsecretario de Finanzas H\u00e9ctor Grachot y de la directora del Registro de Propiedad Inmueble Romina Vargas.<\/p>\n\n\n\n<p>La demostraci\u00f3n y la capacitaci\u00f3n, el vienes 9 en la sede del Registro de la Propiedad Inmueble, en este tiempo de testeo est\u00e1 a cargo de los ingenieros desarrolladores de la empresa privada a cargo de la implementaci\u00f3n de este moderno sistema para el servicio de administraci\u00f3n del Registro.<\/p>\n\n\n\n<p>A trav\u00e9s de este proceso, se sigue avanzando hacia la eficiencia y efectividad en la prestaci\u00f3n de servicios por parte del Gobierno de Corrientes, de acuerdo al eje de pol\u00edticas p\u00fablicas trazado por el gobernador Gustavo Vald\u00e9s.<\/p>\n\n\n\n<p>En esta instancia ya los desarrolladores trabajan con el personal de la dependencia del Ministerio de Hacienda y Finanzas.<\/p>\n\n\n\n<p>Hay en este proceso una articulaci\u00f3n y colaboraci\u00f3n que cuenta la administraci\u00f3n p\u00fablica provincial con la Universidad Nacional del Nordeste (UNNE); t\u00e9cnicos de esta entidad participan en este lapso de puesta a punto y ajuste del nuevo sistema.<\/p>\n\n\n\n<p><strong>Capacitaci\u00f3n<\/strong><\/p>\n\n\n\n<p>Se est\u00e1 en un proceso de capacitaci\u00f3n para la implementaci\u00f3n de un software para que quienes se vinculen con el Registro de la Propiedad Inmueble, como escribanos, abogados y particulares, puedan hacerlo de una manera m\u00e1s din\u00e1mica.<\/p>\n\n\n\n<p>Es una nueva apuesta de modernizaci\u00f3n del Estado, como eje de pol\u00edticas p\u00fablicas del Gobierno Provincial. El objetivo es que en pocos meses se est\u00e9 en condiciones de realizar el lanzamiento y ponerlo en producci\u00f3n.&nbsp;<\/p>\n\n\n\n<p><strong>Impacto<\/strong><\/p>\n\n\n\n<p>El sistema inform\u00e1tico permitir\u00e1, en este esquema de modernizaci\u00f3n del Estado, la aplicaci\u00f3n de tecnolog\u00eda de \u00faltima generaci\u00f3n a trav\u00e9s de la cual los tr\u00e1mites tendr\u00e1n sus conclusiones de manera m\u00e1s din\u00e1mica y en menor tiempo.<\/p>\n\n\n\n<p>Tambi\u00e9n este avance, a futuro contempla la posibilidad de bajar la presencialidad para ir pasando a una virtualidad gradual garantizando la eficiencia y la seguridad jur\u00eddica con los datos que son administrados por el Registro de la Propiedad Inmueble.<\/p>\n\n\n\n<p>Permiten avanzar con el objetivo de modernizaci\u00f3n del Estado, prestar mejores servicios, digitalizaci\u00f3n, acceso de manera inmediata, remota y presencial a la base de datos m\u00e1s la comunicaci\u00f3n de estos organismos con sus usuarios.<\/p>\n\n\n\n<p><strong>Mejoras estructurales<\/strong><\/p>\n\n\n\n<p>Las mejoras en las infraestructuras de la Direcci\u00f3n de Registro de la Propiedad Inmueble, como as\u00ed tambi\u00e9n paralelamente en la Direcci\u00f3n General de Catastro y Cartograf\u00eda, se ejecutan con financiamiento internacional que para la provincia de Corrientes no son reembolsables.<\/p>\n\n\n\n<p>Se realizan a trav\u00e9s del Programa de Fortalecimiento de la gesti\u00f3n de provincias<\/p>\n","protected":false},"excerpt":{"rendered":"<p>Habilitaron per\u00edodo de testeo del software en la entidad oficial; tambi\u00e9n se inici\u00f3 la capacitaci\u00f3n del personal. El ministro de Hacienda y Finanzas Marcelo Rivas Piasentini sostuvo que en los&hellip; <\/p>\n","protected":false},"author":3,"featured_media":66472,"comment_status":"closed","ping_status":"open","sticky":false,"template":"","format":"standard","meta":{"footnotes":""},"categories":[8],"tags":[],"class_list":["post-66471","post","type-post","status-publish","format-standard","has-post-thumbnail","hentry","category-locales"],"_links":{"self":[{"href":"https:\/\/corrientesdetarde.com\/index.php\/wp-json\/wp\/v2\/posts\/66471","targetHints":{"allow":["GET"]}}],"collection":[{"href":"https:\/\/corrientesdetarde.com\/index.php\/wp-json\/wp\/v2\/posts"}],"about":[{"href":"https:\/\/corrientesdetarde.com\/index.php\/wp-json\/wp\/v2\/types\/post"}],"author":[{"embeddable":true,"href":"https:\/\/corrientesdetarde.com\/index.php\/wp-json\/wp\/v2\/users\/3"}],"replies":[{"embeddable":true,"href":"https:\/\/corrientesdetarde.com\/index.php\/wp-json\/wp\/v2\/comments?post=66471"}],"version-history":[{"count":1,"href":"https:\/\/corrientesdetarde.com\/index.php\/wp-json\/wp\/v2\/posts\/66471\/revisions"}],"predecessor-version":[{"id":66473,"href":"https:\/\/corrientesdetarde.com\/index.php\/wp-json\/wp\/v2\/posts\/66471\/revisions\/66473"}],"wp:featuredmedia":[{"embeddable":true,"href":"https:\/\/corrientesdetarde.com\/index.php\/wp-json\/wp\/v2\/media\/66472"}],"wp:attachment":[{"href":"https:\/\/corrientesdetarde.com\/index.php\/wp-json\/wp\/v2\/media?parent=66471"}],"wp:term":[{"taxonomy":"category","embeddable":true,"href":"https:\/\/corrientesdetarde.com\/index.php\/wp-json\/wp\/v2\/categories?post=66471"},{"taxonomy":"post_tag","embeddable":true,"href":"https:\/\/corrientesdetarde.com\/index.php\/wp-json\/wp\/v2\/tags?post=66471"}],"curies":[{"name":"wp","href":"https:\/\/api.w.org\/{rel}","templated":true}]}}