{"id":66474,"date":"2023-06-10T09:22:38","date_gmt":"2023-06-10T12:22:38","guid":{"rendered":"https:\/\/corrientesdetarde.com\/?p=66474"},"modified":"2023-06-10T09:25:38","modified_gmt":"2023-06-10T12:25:38","slug":"la-ciudad-de-corrientes-apunta-a-plantar-3-000-arboles-este-ano","status":"publish","type":"post","link":"https:\/\/corrientesdetarde.com\/index.php\/medio-ambiente\/la-ciudad-de-corrientes-apunta-a-plantar-3-000-arboles-este-ano\/","title":{"rendered":"La ciudad de Corrientes apunta a plantar 3.000 \u00e1rboles este a\u00f1o"},"content":{"rendered":"\n<p>En el 2022 fueron 2.500 en Capital. Esta gesti\u00f3n se propuso que cuando finalice el mandato de Tassano, se planten 15.000. El subsecretario de Planificaci\u00f3n Ambiental, Alejandro Cristi\u00e1, se refiri\u00f3 a los trabajos que realiza la Comuna.<\/p>\n\n\n\n<p>La Municipalidad de Corrientes contin\u00faa con el plan de arborizaci\u00f3n. El subsecretario de Planificaci\u00f3n Ambiental de la ciudad de Corrientes, Alejandro Cristi\u00e1, se refiri\u00f3 a los trabajos que realiza la Comuna capitalina en el marco del Plan H\u00eddrico. Adem\u00e1s de los paneles solares que est\u00e1n instalados en la Caja Municipal de Pr\u00e9stamos, esta semana se produjeron tareas relacionadas al ambiente en varios puntos de la capital.<\/p>\n\n\n\n<p>Por ejemplo, en el marco de la Semana del Ambiente, la Municipalidad de Corrientes llev\u00f3 a cabo la plantaci\u00f3n de \u00e1rboles en los parterres de diferentes avenidas, calles y en veredas de la ciudad. Este martes, las tareas se realizaron sobre avenida Iber\u00e1, desde Paysand\u00fa hasta Arequipa.<\/p>\n\n\n\n<p>Cristi\u00e1, en comunicaci\u00f3n con \u00e9poca, coment\u00f3 que el objetivo de la gesti\u00f3n que encabeza Eduardo Tassano es lograr en los cuatro a\u00f1os de su segundo mandato, la plantaci\u00f3n de 15.000 \u00e1rboles. De esa cantidad, hay que descontar los 2.500 que se plantaron el a\u00f1o pasado.<\/p>\n\n\n\n<figure class=\"wp-block-image\"><img decoding=\"async\" src=\"https:\/\/www.diarioepoca.com\/content\/bucket\/8\/1301608w380h283c.jpg.webp\" alt=\"\"\/><figcaption>OPERARIOS DE LA COMUNA RECORREN LOS BARRIOS CON EL PLAN DE ARBORIZACI\u00d3N.<\/figcaption><\/figure>\n\n\n\n<p>&#8220;Este a\u00f1o, el objetivo es plantar 3.000 \u00e1rboles, es decir, 500 m\u00e1s que en el 2022 y el pr\u00f3ximo a\u00f1o vamos a redoblar la apuesta para poder cumplir con el plan que encara el Intendente en el marco de la lucha contra el cambio clim\u00e1tico&#8221;, dijo el funcionario comunal, en contacto con este medio.<\/p>\n\n\n\n<p>Adem\u00e1s, agreg\u00f3 que de los trabajos que se realizan en el Plan H\u00eddrico, el plan de arborizaci\u00f3n es importante para mitigar el efecto isla de calor. El objetivo es lograr una mayor cobertura arb\u00f3rea de la ciudad durante las olas de calor&#8221;, sentenci\u00f3 el subsecretario de la ciudad.<\/p>\n\n\n\n<p>Sobre el trabajo en avenida Iber\u00e1<\/p>\n\n\n\n<p>El secretario de Ambiente y Desarrollo Sustentable, Ignacio Maldonado Yonna, coordin\u00f3 la actividad y detall\u00f3 que se ubicaron 80 especies sobre el parterre central de avenida Iber\u00e1, desde Paysand\u00fa hasta Arequipa, que se suman a las 87 plantadas por Arequipa, desde avenida Iber\u00e1 hasta avenida Teniente Ib\u00e1\u00f1ez, y 64 por avenida Paysand\u00fa, entre Iber\u00e1 y Alta Gracia.<\/p>\n\n\n\n<figure class=\"wp-block-image\"><img decoding=\"async\" src=\"https:\/\/www.diarioepoca.com\/content\/bucket\/9\/1301609w380h133c.jpg.webp\" alt=\"\"\/><\/figure>\n\n\n\n<p>&#8220;En esta oportunidad, estamos plantando Pata de Buey, por el tama\u00f1o del parterre de esta avenida, para que en un futuro den una sombra buena y grande&#8221;, explic\u00f3 el funcionario, quien detall\u00f3 que tambi\u00e9n se est\u00e1n usando Thevetia y Para\u00edso Venzolano que, por su tama\u00f1o, no perjudican la infraestructura de la ciudad.<\/p>\n\n\n\n<h2 class=\"wp-block-heading\">Recreaci\u00f3n en el Piragine Niveyro<\/h2>\n\n\n\n<figure class=\"wp-block-image\"><img decoding=\"async\" src=\"https:\/\/www.diarioepoca.com\/content\/bucket\/8\/1301648w380h255c.jpg.webp\" alt=\"\"\/><\/figure>\n\n\n\n<p>En el barrio Piragine Niveyro se desarroll\u00f3 una jornada de bingo, con premios y m\u00faltiples actividades recreativas para los vecinos de la zona. Familias enteras se sumaron a esta propuesta impulsada por la Municipalidad en el marco del programa &#8220;La Muni con vos&#8221;.<\/p>\n\n\n\n<p>La plaza Rafael Barrios del barrio Piragine Niveyro fue el escenario elegido en el que la Municipalidad de Corrientes acerc\u00f3 m\u00faltiples propuestas recreativas para el disfrute y acompa\u00f1amiento de los vecinos de la zona. En torno a este programa, adultos, adolescentes y ni\u00f1os compartieron una tarde entretenida, en familia y con la posibilidad de ganar premios en el juego del bingo, adem\u00e1s de disfrutar de buena m\u00fasica y otros entretenimientos.<\/p>\n\n\n\n<p>El subsecretario de Coordinaci\u00f3n Territorial Zona 1, Julio Bartra, destac\u00f3 que estas propuestas que ofrece la Municipalidad &#8220;posibilitan que los vecinos del barrio puedan compartir una tarde en familia, con lindos premios y actividades musicales tambi\u00e9n&#8221;.<\/p>\n\n\n\n<p>A su vez, destac\u00f3 que el programa &#8220;La Muni con Vos&#8221; tiene como objetivo &#8220;la cercan\u00eda con los vecinos, para que todas las actividades -ya sean recreativas o culturales- puedan llegar a ellos, de eso se trata. Hoy hablamos de un bingo, pero tenemos que hablar de otras actividades que hemos venido realizando a lo largo del a\u00f1o, como funciones de cine, circo, eventos deportivos, adem\u00e1s de espect\u00e1culos musicales&#8221;.<\/p>\n\n\n\n<p>En este contexto, enfatiz\u00f3 que &#8220;la Municipalidad busca estar en cercan\u00eda con el vecino&#8221;.<\/p>\n","protected":false},"excerpt":{"rendered":"<p>En el 2022 fueron 2.500 en Capital. Esta gesti\u00f3n se propuso que cuando finalice el mandato de Tassano, se planten 15.000. El subsecretario de Planificaci\u00f3n Ambiental, Alejandro Cristi\u00e1, se refiri\u00f3&hellip; <\/p>\n","protected":false},"author":3,"featured_media":66482,"comment_status":"closed","ping_status":"open","sticky":false,"template":"","format":"standard","meta":{"footnotes":""},"categories":[6],"tags":[],"class_list":["post-66474","post","type-post","status-publish","format-standard","has-post-thumbnail","hentry","category-medio-ambiente"],"_links":{"self":[{"href":"https:\/\/corrientesdetarde.com\/index.php\/wp-json\/wp\/v2\/posts\/66474","targetHints":{"allow":["GET"]}}],"collection":[{"href":"https:\/\/corrientesdetarde.com\/index.php\/wp-json\/wp\/v2\/posts"}],"about":[{"href":"https:\/\/corrientesdetarde.com\/index.php\/wp-json\/wp\/v2\/types\/post"}],"author":[{"embeddable":true,"href":"https:\/\/corrientesdetarde.com\/index.php\/wp-json\/wp\/v2\/users\/3"}],"replies":[{"embeddable":true,"href":"https:\/\/corrientesdetarde.com\/index.php\/wp-json\/wp\/v2\/comments?post=66474"}],"version-history":[{"count":1,"href":"https:\/\/corrientesdetarde.com\/index.php\/wp-json\/wp\/v2\/posts\/66474\/revisions"}],"predecessor-version":[{"id":66476,"href":"https:\/\/corrientesdetarde.com\/index.php\/wp-json\/wp\/v2\/posts\/66474\/revisions\/66476"}],"wp:featuredmedia":[{"embeddable":true,"href":"https:\/\/corrientesdetarde.com\/index.php\/wp-json\/wp\/v2\/media\/66482"}],"wp:attachment":[{"href":"https:\/\/corrientesdetarde.com\/index.php\/wp-json\/wp\/v2\/media?parent=66474"}],"wp:term":[{"taxonomy":"category","embeddable":true,"href":"https:\/\/corrientesdetarde.com\/index.php\/wp-json\/wp\/v2\/categories?post=66474"},{"taxonomy":"post_tag","embeddable":true,"href":"https:\/\/corrientesdetarde.com\/index.php\/wp-json\/wp\/v2\/tags?post=66474"}],"curies":[{"name":"wp","href":"https:\/\/api.w.org\/{rel}","templated":true}]}}