{"id":66523,"date":"2023-06-10T13:59:47","date_gmt":"2023-06-10T16:59:47","guid":{"rendered":"https:\/\/corrientesdetarde.com\/?p=66523"},"modified":"2023-06-10T13:59:51","modified_gmt":"2023-06-10T16:59:51","slug":"l-gante-escribio-una-curiosa-carta-desde-la-carcel","status":"publish","type":"post","link":"https:\/\/corrientesdetarde.com\/index.php\/espectaculos\/l-gante-escribio-una-curiosa-carta-desde-la-carcel\/","title":{"rendered":"L-Gante escribi\u00f3 una curiosa carta desde la c\u00e1rcel"},"content":{"rendered":"\n<p>L-Gante escribi\u00f3 una carta desde la c\u00e1rcel y en Todo Noticias mostraron la imagen con el contenido de la misma, dirigida a un amigo suyo, Ezequiel Mathysse.<\/p>\n\n\n\n<p>&nbsp;<br>&#8220;Esta es la imagen de la carta que recibi\u00f3 Ezequiel Mathysse, el amigo de L-Gante. El cantante est\u00e1 preso, va a seguir detenido&#8221;, dijo Franco Mercuriali.<\/p>\n\n\n\n<p>Luego, el conductor contextualiz\u00f3: &#8220;Est\u00e1 acusado de privaci\u00f3n ileg\u00edtima de la libertad, amenazas agravadas por el uso de arma de fuego y tenencia de drogas. No quiso responder preguntas a la justicia&#8221;.&nbsp;&nbsp;<br>La periodista Giuli Salguero a\u00f1adi\u00f3 por su parte: &#8220;Esa carta fue escrita el mi\u00e9rcoles por pu\u00f1o y letra de L-Gante con un cuadernito y una birome que le alcanzaron unas personas que estaban en la puerta&#8221;.<\/p>\n\n\n\n<p>&#8220;Eli\u00e1n est\u00e1 alojado en una de las DDI de Quilmes m\u00e1s confortables en la provincia, con los calabozos m\u00e1s dignos que se puedan imaginar&#8221;, dijo la notera desde el m\u00f3vil sobre el m\u00fasico.<\/p>\n\n\n\n<p><strong>QU\u00c9 DEC\u00cdA LA CARTA QUE ESCRIBI\u00d3 L-GANTE DESDE LA C\u00c1RCEL<\/strong><br>En Todo Noticias mostraron la carta que L-Gante escribi\u00f3 desde la c\u00e1rcel a uno de sus amigos e intergrante de \u2018la mafilia\u2019.<\/p>\n\n\n<div class=\"wp-block-image\">\n<figure class=\"aligncenter\"><img decoding=\"async\" src=\"https:\/\/www.radiodos.com.ar\/content\/bucket\/8\/198748w770h745c.jpg.webp\" alt=\"\"\/><\/figure>\n<\/div>\n\n\n<p>&#8220;Gracias el aguante siempre la real. Te quiero hermano. Cumbia 420. Estamos bien&#8221;, dec\u00eda en el contenido de la carta escrita a pu\u00f1o y letra.<\/p>\n","protected":false},"excerpt":{"rendered":"<p>L-Gante escribi\u00f3 una carta desde la c\u00e1rcel y en Todo Noticias mostraron la imagen con el contenido de la misma, dirigida a un amigo suyo, Ezequiel Mathysse. &nbsp;&#8220;Esta es la&hellip; <\/p>\n","protected":false},"author":1,"featured_media":66533,"comment_status":"closed","ping_status":"open","sticky":false,"template":"","format":"standard","meta":{"footnotes":""},"categories":[19],"tags":[],"class_list":["post-66523","post","type-post","status-publish","format-standard","has-post-thumbnail","hentry","category-espectaculos"],"_links":{"self":[{"href":"https:\/\/corrientesdetarde.com\/index.php\/wp-json\/wp\/v2\/posts\/66523","targetHints":{"allow":["GET"]}}],"collection":[{"href":"https:\/\/corrientesdetarde.com\/index.php\/wp-json\/wp\/v2\/posts"}],"about":[{"href":"https:\/\/corrientesdetarde.com\/index.php\/wp-json\/wp\/v2\/types\/post"}],"author":[{"embeddable":true,"href":"https:\/\/corrientesdetarde.com\/index.php\/wp-json\/wp\/v2\/users\/1"}],"replies":[{"embeddable":true,"href":"https:\/\/corrientesdetarde.com\/index.php\/wp-json\/wp\/v2\/comments?post=66523"}],"version-history":[{"count":1,"href":"https:\/\/corrientesdetarde.com\/index.php\/wp-json\/wp\/v2\/posts\/66523\/revisions"}],"predecessor-version":[{"id":66536,"href":"https:\/\/corrientesdetarde.com\/index.php\/wp-json\/wp\/v2\/posts\/66523\/revisions\/66536"}],"wp:featuredmedia":[{"embeddable":true,"href":"https:\/\/corrientesdetarde.com\/index.php\/wp-json\/wp\/v2\/media\/66533"}],"wp:attachment":[{"href":"https:\/\/corrientesdetarde.com\/index.php\/wp-json\/wp\/v2\/media?parent=66523"}],"wp:term":[{"taxonomy":"category","embeddable":true,"href":"https:\/\/corrientesdetarde.com\/index.php\/wp-json\/wp\/v2\/categories?post=66523"},{"taxonomy":"post_tag","embeddable":true,"href":"https:\/\/corrientesdetarde.com\/index.php\/wp-json\/wp\/v2\/tags?post=66523"}],"curies":[{"name":"wp","href":"https:\/\/api.w.org\/{rel}","templated":true}]}}