{"id":66524,"date":"2023-06-10T13:57:12","date_gmt":"2023-06-10T16:57:12","guid":{"rendered":"https:\/\/corrientesdetarde.com\/?p=66524"},"modified":"2023-06-10T13:57:16","modified_gmt":"2023-06-10T16:57:16","slug":"analistas-estiman-en-1489-la-inflacion-de-argentina-para-2023","status":"publish","type":"post","link":"https:\/\/corrientesdetarde.com\/index.php\/economia\/analistas-estiman-en-1489-la-inflacion-de-argentina-para-2023\/","title":{"rendered":"Analistas estiman en 148,9% la inflaci\u00f3n de Argentina para 2023"},"content":{"rendered":"\n<p>Los principales analistas econ\u00f3micos de Argentina estimaron que la inflaci\u00f3n ser\u00e1 de 148,9% en 2023, seg\u00fan las expectativas mensuales de mercado que difundi\u00f3 este viernes el Banco Central.<\/p>\n\n\n\n<p>Los analistas prev\u00e9n que la inflaci\u00f3n en diciembre ser\u00e1 22,5 puntos porcentuales m\u00e1s de lo que pronostic\u00f3 anteriormente.<\/p>\n\n\n\n<p>Argentina registr\u00f3 en abril un incremento de los precios al consumidor de 8,4%, el mayor en m\u00e1s de tres d\u00e9cadas, lo que llev\u00f3 la inflaci\u00f3n a 108% en 12 meses.<\/p>\n\n\n\n<p>&nbsp;En su informe, el Banco Central se\u00f1al\u00f3 que los indicadores econ\u00f3micos de mayo &#8220;sugieren que la inflaci\u00f3n mensual se moder\u00f3&#8221; el mes pasado.<\/p>\n\n\n\n<p>El instituto de Estad\u00edsticas y Censos (Indec) informar\u00e1 el pr\u00f3ximo mi\u00e9rcoles el \u00edndice de precios al consumidor correspondiente a mayo.<\/p>\n\n\n\n<p>El Banco Central elev\u00f3 de 91% a 97% la tasa de inter\u00e9s de referencia el 15 de mayo pasado, como parte de las medidas para aspirar pesos del mercado y evitar la presi\u00f3n en los tipos de cambio, sobre todo del d\u00f3lar cuya cotizaci\u00f3n empuja la remarcaci\u00f3n de precios.<\/p>\n\n\n\n<p>En Argentina rigen fuertes restricciones a la compra de divisas debido a las escasas reservas internacionales, lo que ha hecho florecer un mercado negro de monedas donde la cotizaci\u00f3n del d\u00f3lar casi duplica a la oficial.<\/p>\n\n\n\n<p>Argentina atraviesa dificultades en su econom\u00eda acentuadas por el impacto de una fuerte sequ\u00eda sobre el sector agr\u00edcola y ganadero proveedor de la mayor fuente de divisas.<\/p>\n","protected":false},"excerpt":{"rendered":"<p>Los principales analistas econ\u00f3micos de Argentina estimaron que la inflaci\u00f3n ser\u00e1 de 148,9% en 2023, seg\u00fan las expectativas mensuales de mercado que difundi\u00f3 este viernes el Banco Central. Los analistas&hellip; <\/p>\n","protected":false},"author":1,"featured_media":66531,"comment_status":"closed","ping_status":"open","sticky":false,"template":"","format":"standard","meta":{"footnotes":""},"categories":[20],"tags":[],"class_list":["post-66524","post","type-post","status-publish","format-standard","has-post-thumbnail","hentry","category-economia"],"_links":{"self":[{"href":"https:\/\/corrientesdetarde.com\/index.php\/wp-json\/wp\/v2\/posts\/66524","targetHints":{"allow":["GET"]}}],"collection":[{"href":"https:\/\/corrientesdetarde.com\/index.php\/wp-json\/wp\/v2\/posts"}],"about":[{"href":"https:\/\/corrientesdetarde.com\/index.php\/wp-json\/wp\/v2\/types\/post"}],"author":[{"embeddable":true,"href":"https:\/\/corrientesdetarde.com\/index.php\/wp-json\/wp\/v2\/users\/1"}],"replies":[{"embeddable":true,"href":"https:\/\/corrientesdetarde.com\/index.php\/wp-json\/wp\/v2\/comments?post=66524"}],"version-history":[{"count":1,"href":"https:\/\/corrientesdetarde.com\/index.php\/wp-json\/wp\/v2\/posts\/66524\/revisions"}],"predecessor-version":[{"id":66532,"href":"https:\/\/corrientesdetarde.com\/index.php\/wp-json\/wp\/v2\/posts\/66524\/revisions\/66532"}],"wp:featuredmedia":[{"embeddable":true,"href":"https:\/\/corrientesdetarde.com\/index.php\/wp-json\/wp\/v2\/media\/66531"}],"wp:attachment":[{"href":"https:\/\/corrientesdetarde.com\/index.php\/wp-json\/wp\/v2\/media?parent=66524"}],"wp:term":[{"taxonomy":"category","embeddable":true,"href":"https:\/\/corrientesdetarde.com\/index.php\/wp-json\/wp\/v2\/categories?post=66524"},{"taxonomy":"post_tag","embeddable":true,"href":"https:\/\/corrientesdetarde.com\/index.php\/wp-json\/wp\/v2\/tags?post=66524"}],"curies":[{"name":"wp","href":"https:\/\/api.w.org\/{rel}","templated":true}]}}