{"id":66534,"date":"2023-06-10T14:05:53","date_gmt":"2023-06-10T17:05:53","guid":{"rendered":"https:\/\/corrientesdetarde.com\/?p=66534"},"modified":"2023-06-10T14:05:56","modified_gmt":"2023-06-10T17:05:56","slug":"las-ferias-de-la-ciudad-inician-otraronda-de-recorrida-por-los-barrios","status":"publish","type":"post","link":"https:\/\/corrientesdetarde.com\/index.php\/informacion-general\/las-ferias-de-la-ciudad-inician-otraronda-de-recorrida-por-los-barrios\/","title":{"rendered":"<strong>Las Ferias de la Ciudad inician otra<br>ronda de recorrida por los barrios<\/strong>"},"content":{"rendered":"\n<p><em>Los puesteros de verduras, frutas y otros productos de inter\u00e9s para las familias recorrer\u00e1n desde el lunes al domingo venidero diferentes espacios verdes. Las recorridas iniciar\u00e1n el 12 de junio en las plazas Rep\u00fablica del Per\u00fa de las Mil Viviendas, y Los Inmigrantes del Ber\u00f3n de Astrada.<\/em><\/p>\n\n\n\n<figure class=\"wp-block-image size-large\"><img loading=\"lazy\" decoding=\"async\" width=\"1024\" height=\"682\" src=\"https:\/\/corrientesdetarde.com\/wp-content\/uploads\/2023\/06\/image-322-1024x682.png\" alt=\"\" class=\"wp-image-66545\" srcset=\"https:\/\/corrientesdetarde.com\/wp-content\/uploads\/2023\/06\/image-322-1024x682.png 1024w, https:\/\/corrientesdetarde.com\/wp-content\/uploads\/2023\/06\/image-322-300x200.png 300w, https:\/\/corrientesdetarde.com\/wp-content\/uploads\/2023\/06\/image-322-768x512.png 768w, https:\/\/corrientesdetarde.com\/wp-content\/uploads\/2023\/06\/image-322-272x182.png 272w, https:\/\/corrientesdetarde.com\/wp-content\/uploads\/2023\/06\/image-322.png 1280w\" sizes=\"auto, (max-width: 1024px) 100vw, 1024px\" \/><\/figure>\n\n\n\n<p>La Municipalidad de Corrientes da a conocer una nueva ronda de recorrida semanal que llevar\u00e1 adelante el programa de Ferias de la Ciudad, a trav\u00e9s del cual peque\u00f1os productores locales comercializar\u00e1n, de 8 a 13, verduras, frutas y otros art\u00edculos de inter\u00e9s para las familias en espacios verdes ubicados en diferentes barrios.<br><br>La ronda de recorridas iniciar\u00e1 el lunes 12 de junio en la plaza Rep\u00fablica del Per\u00fa, ubicada por las avenidas Patagonia entre La Paz y Paysand\u00fa de las Mil Viviendas, as\u00ed como en la plaza Los Inmigrantes, sita en la intersecci\u00f3n de la avenida Sarmiento y Teniente Correa Fern\u00e1ndez del Ber\u00f3n de Astrada.<\/p>\n\n\n\n<figure class=\"wp-block-image size-large\"><img loading=\"lazy\" decoding=\"async\" width=\"1024\" height=\"682\" src=\"https:\/\/corrientesdetarde.com\/wp-content\/uploads\/2023\/06\/image-320-1024x682.png\" alt=\"\" class=\"wp-image-66543\" srcset=\"https:\/\/corrientesdetarde.com\/wp-content\/uploads\/2023\/06\/image-320-1024x682.png 1024w, https:\/\/corrientesdetarde.com\/wp-content\/uploads\/2023\/06\/image-320-300x200.png 300w, https:\/\/corrientesdetarde.com\/wp-content\/uploads\/2023\/06\/image-320-768x512.png 768w, https:\/\/corrientesdetarde.com\/wp-content\/uploads\/2023\/06\/image-320-272x182.png 272w, https:\/\/corrientesdetarde.com\/wp-content\/uploads\/2023\/06\/image-320.png 1280w\" sizes=\"auto, (max-width: 1024px) 100vw, 1024px\" \/><\/figure>\n\n\n\n<p><br><br>El martes 13, los puesteros de frutas, verduras, dulces regionales, panificados, artesan\u00edas y plantas ornamentales se har\u00e1n presentes en las plazas Los Amigos y Libertad, al igual que\u00a0en Loreto y Ex V\u00eda en el barrio San Antonio Este; mientras que el mi\u00e9rcoles 14 visitar\u00e1n las plazas Torrent y Evita.<br><br>El jueves 15 los feriantes se instalar\u00e1n en la calle interna de la plaza La Cruz, entre Belgrano y Bol\u00edvar; mientras que el viernes 16 se har\u00e1n presentes nuevamente en las plazas Rep\u00fablica del Per\u00fa y Los Inmigrantes, y tambi\u00e9n lo har\u00e1n en el predio ubicado frente al colegio secundario Arturo Umberto Illia.<br><br>En tanto que el s\u00e1bado 17, los puesteros ofrecer\u00e1n sus productos en la intersecci\u00f3n de la calle Pil\u00fa G\u00f3mez y Jos\u00e9 Mar\u00eda Rol\u00f3n del parque Mitre, siempre en el horario de 8 a 12.<br><br>Por su parte, el mismo s\u00e1bado, pero en el Paseo Arazaty (Av. 3 de Abril y Costanera) se comercializar\u00e1n de 15 a 22 plantas ornamentales, artesan\u00edas, manualidades y productos gastron\u00f3micos; mientras que el domingo 18 estar\u00e1n en el mismo lugar, pero en horario corrido de 10 a 22.<\/p>\n\n\n\n<figure class=\"wp-block-image size-large\"><img loading=\"lazy\" decoding=\"async\" width=\"1024\" height=\"1024\" src=\"https:\/\/corrientesdetarde.com\/wp-content\/uploads\/2023\/06\/image-319-1024x1024.png\" alt=\"\" class=\"wp-image-66542\" srcset=\"https:\/\/corrientesdetarde.com\/wp-content\/uploads\/2023\/06\/image-319-1024x1024.png 1024w, https:\/\/corrientesdetarde.com\/wp-content\/uploads\/2023\/06\/image-319-300x300.png 300w, https:\/\/corrientesdetarde.com\/wp-content\/uploads\/2023\/06\/image-319-150x150.png 150w, https:\/\/corrientesdetarde.com\/wp-content\/uploads\/2023\/06\/image-319-768x768.png 768w, https:\/\/corrientesdetarde.com\/wp-content\/uploads\/2023\/06\/image-319-375x375.png 375w, https:\/\/corrientesdetarde.com\/wp-content\/uploads\/2023\/06\/image-319.png 1080w\" sizes=\"auto, (max-width: 1024px) 100vw, 1024px\" \/><\/figure>\n\n\n\n<p><br><br>CRONOGRAMA<br><br>Lunes 12: plaza Rep\u00fablica del Per\u00fa (Mil Viviendas) y plaza Los Inmigrantes (B\u00ba Ber\u00f3n de Astrada).<br><br>Martes 13: plaza Libertad y plaza Los Amigos; y Loreto y Ex V\u00eda (barrio San Antonio Este)<br><br>Mi\u00e9rcoles 14: plaza Torrent y plaza Evita.<br><br>Jueves 15: plaza La Cruz.<br><br>Viernes 16: plaza Rep\u00fablica del Per\u00fa (Mil Viviendas), plaza Los Inmigrantes (B\u00ba Ber\u00f3n de Astrada) y barrio Laguna Seca (frente al colegio Arturo Illia).<br><br>S\u00e1bado 17: parque Mitre.<br><br>S\u00e1bado 17 y domingo 18: Paseo Arazaty (plantas, artesan\u00edas, manualidades y productos gastron\u00f3micos).<\/p>\n\n\n\n<figure class=\"wp-block-image size-full\"><img loading=\"lazy\" decoding=\"async\" width=\"800\" height=\"533\" src=\"https:\/\/corrientesdetarde.com\/wp-content\/uploads\/2023\/06\/image-321.png\" alt=\"\" class=\"wp-image-66544\" srcset=\"https:\/\/corrientesdetarde.com\/wp-content\/uploads\/2023\/06\/image-321.png 800w, https:\/\/corrientesdetarde.com\/wp-content\/uploads\/2023\/06\/image-321-300x200.png 300w, https:\/\/corrientesdetarde.com\/wp-content\/uploads\/2023\/06\/image-321-768x512.png 768w, https:\/\/corrientesdetarde.com\/wp-content\/uploads\/2023\/06\/image-321-272x182.png 272w\" sizes=\"auto, (max-width: 800px) 100vw, 800px\" \/><\/figure>\n","protected":false},"excerpt":{"rendered":"<p>Los puesteros de verduras, frutas y otros productos de inter\u00e9s para las familias recorrer\u00e1n desde el lunes al domingo venidero diferentes espacios verdes. Las recorridas iniciar\u00e1n el 12 de junio&hellip; <\/p>\n","protected":false},"author":1,"featured_media":66546,"comment_status":"closed","ping_status":"open","sticky":false,"template":"","format":"standard","meta":{"footnotes":""},"categories":[1],"tags":[],"class_list":["post-66534","post","type-post","status-publish","format-standard","has-post-thumbnail","hentry","category-informacion-general"],"_links":{"self":[{"href":"https:\/\/corrientesdetarde.com\/index.php\/wp-json\/wp\/v2\/posts\/66534","targetHints":{"allow":["GET"]}}],"collection":[{"href":"https:\/\/corrientesdetarde.com\/index.php\/wp-json\/wp\/v2\/posts"}],"about":[{"href":"https:\/\/corrientesdetarde.com\/index.php\/wp-json\/wp\/v2\/types\/post"}],"author":[{"embeddable":true,"href":"https:\/\/corrientesdetarde.com\/index.php\/wp-json\/wp\/v2\/users\/1"}],"replies":[{"embeddable":true,"href":"https:\/\/corrientesdetarde.com\/index.php\/wp-json\/wp\/v2\/comments?post=66534"}],"version-history":[{"count":1,"href":"https:\/\/corrientesdetarde.com\/index.php\/wp-json\/wp\/v2\/posts\/66534\/revisions"}],"predecessor-version":[{"id":66547,"href":"https:\/\/corrientesdetarde.com\/index.php\/wp-json\/wp\/v2\/posts\/66534\/revisions\/66547"}],"wp:featuredmedia":[{"embeddable":true,"href":"https:\/\/corrientesdetarde.com\/index.php\/wp-json\/wp\/v2\/media\/66546"}],"wp:attachment":[{"href":"https:\/\/corrientesdetarde.com\/index.php\/wp-json\/wp\/v2\/media?parent=66534"}],"wp:term":[{"taxonomy":"category","embeddable":true,"href":"https:\/\/corrientesdetarde.com\/index.php\/wp-json\/wp\/v2\/categories?post=66534"},{"taxonomy":"post_tag","embeddable":true,"href":"https:\/\/corrientesdetarde.com\/index.php\/wp-json\/wp\/v2\/tags?post=66534"}],"curies":[{"name":"wp","href":"https:\/\/api.w.org\/{rel}","templated":true}]}}