{"id":66571,"date":"2023-06-10T21:51:39","date_gmt":"2023-06-11T00:51:39","guid":{"rendered":"https:\/\/corrientesdetarde.com\/?p=66571"},"modified":"2023-06-10T21:51:40","modified_gmt":"2023-06-11T00:51:40","slug":"el-papa-se-recupera-de-su-operacion-pero-no-dara-la-bendicion-del-domingo","status":"publish","type":"post","link":"https:\/\/corrientesdetarde.com\/index.php\/internacionales\/el-papa-se-recupera-de-su-operacion-pero-no-dara-la-bendicion-del-domingo\/","title":{"rendered":"El Papa se recupera de su operaci\u00f3n pero no dar\u00e1 la bendici\u00f3n del domingo"},"content":{"rendered":"\n<p>El Sumo Pont\u00edfice permanecer\u00e1 internado al menos durante toda la pr\u00f3xima semana, indicaron en el Hospital Gemelli.<\/p>\n\n\n\n<p>La recuperaci\u00f3n quir\u00fargica del Papa Francisco evoluciona bien, pero los m\u00e9dicos le han aconsejado que no imparta la bendici\u00f3n del domingo desde el balc\u00f3n del hospital para evitar tensiones en el abdomen.<\/p>\n\n\n\n<p>El cirujano jefe del hospital Gemelli, Sergio Alfieri, dijo el s\u00e1bado a los medios que el pont\u00edfice, de 86 a\u00f1os, acord\u00f3 con los m\u00e9dicos permanecer ingresado al menos durante toda la pr\u00f3xima semana.<\/p>\n\n\n\n<p>Francisco fue sometido el mi\u00e9rcoles a una operaci\u00f3n de tres horas para reparar una hernia abdominal.<\/p>\n\n\n\n<p>&#8220;S\u00f3lo han pasado tres d\u00edas. Le pedimos al Santo Padre que fuera prudente y evitara el esfuerzo (de permanecer en el balc\u00f3n)&#8221;, dijo Alfieri. &#8220;Cada vez que se levanta de la cama y se sienta en un sill\u00f3n ejerce tensi\u00f3n sobre las paredes abdominales&#8221;.<\/p>\n\n\n\n<p>Se insert\u00f3 una pr\u00f3tesis de malla en la pared abdominal para ayudar a la cicatrizaci\u00f3n y los m\u00e9dicos quieren que se asiente y se fije correctamente para evitar otra operaci\u00f3n si se rompe, a\u00f1adi\u00f3. &#8220;Pueden entender que eso no sea agradable ni para \u00e9l ni para m\u00ed&#8221;, brome\u00f3 Alfieri.<\/p>\n\n\n\n<p>El portavoz del Vaticano, Matteo Bruni, dijo que el Papa rezar\u00e1 la tradicional oraci\u00f3n del \u00c1ngelus del domingo al mediod\u00eda en su suite del hospital y que los fieles podr\u00edan rezarla al mismo tiempo.<\/p>\n\n\n\n<p>Alfieri dijo que el Papa fue desconectado de los tubos intravenosos el viernes y comenz\u00f3 una dieta semil\u00edquida. Todos los par\u00e1metros m\u00e9dicos est\u00e1n dentro de la norma, no hay problemas card\u00edacos y la curaci\u00f3n completa de las cicatrices abdominales tardar\u00e1 unos tres meses, indic\u00f3.<\/p>\n\n\n\n<p>El Vaticano dijo que los resultados de los an\u00e1lisis de sangre fueron buenos y que las radiograf\u00edas de t\u00f3rax no mostraron ning\u00fan problema.<\/p>\n","protected":false},"excerpt":{"rendered":"<p>El Sumo Pont\u00edfice permanecer\u00e1 internado al menos durante toda la pr\u00f3xima semana, indicaron en el Hospital Gemelli. La recuperaci\u00f3n quir\u00fargica del Papa Francisco evoluciona bien, pero los m\u00e9dicos le han&hellip; <\/p>\n","protected":false},"author":4,"featured_media":66578,"comment_status":"closed","ping_status":"open","sticky":false,"template":"","format":"standard","meta":{"footnotes":""},"categories":[11],"tags":[],"class_list":["post-66571","post","type-post","status-publish","format-standard","has-post-thumbnail","hentry","category-internacionales"],"_links":{"self":[{"href":"https:\/\/corrientesdetarde.com\/index.php\/wp-json\/wp\/v2\/posts\/66571","targetHints":{"allow":["GET"]}}],"collection":[{"href":"https:\/\/corrientesdetarde.com\/index.php\/wp-json\/wp\/v2\/posts"}],"about":[{"href":"https:\/\/corrientesdetarde.com\/index.php\/wp-json\/wp\/v2\/types\/post"}],"author":[{"embeddable":true,"href":"https:\/\/corrientesdetarde.com\/index.php\/wp-json\/wp\/v2\/users\/4"}],"replies":[{"embeddable":true,"href":"https:\/\/corrientesdetarde.com\/index.php\/wp-json\/wp\/v2\/comments?post=66571"}],"version-history":[{"count":1,"href":"https:\/\/corrientesdetarde.com\/index.php\/wp-json\/wp\/v2\/posts\/66571\/revisions"}],"predecessor-version":[{"id":66579,"href":"https:\/\/corrientesdetarde.com\/index.php\/wp-json\/wp\/v2\/posts\/66571\/revisions\/66579"}],"wp:featuredmedia":[{"embeddable":true,"href":"https:\/\/corrientesdetarde.com\/index.php\/wp-json\/wp\/v2\/media\/66578"}],"wp:attachment":[{"href":"https:\/\/corrientesdetarde.com\/index.php\/wp-json\/wp\/v2\/media?parent=66571"}],"wp:term":[{"taxonomy":"category","embeddable":true,"href":"https:\/\/corrientesdetarde.com\/index.php\/wp-json\/wp\/v2\/categories?post=66571"},{"taxonomy":"post_tag","embeddable":true,"href":"https:\/\/corrientesdetarde.com\/index.php\/wp-json\/wp\/v2\/tags?post=66571"}],"curies":[{"name":"wp","href":"https:\/\/api.w.org\/{rel}","templated":true}]}}