{"id":66580,"date":"2023-06-10T21:56:09","date_gmt":"2023-06-11T00:56:09","guid":{"rendered":"https:\/\/corrientesdetarde.com\/?p=66580"},"modified":"2023-06-10T21:56:13","modified_gmt":"2023-06-11T00:56:13","slug":"detuvieron-a-tres-sospechosos-por-el-crimen-del-empresario-de-san-antonio-de-padua","status":"publish","type":"post","link":"https:\/\/corrientesdetarde.com\/index.php\/policiales\/detuvieron-a-tres-sospechosos-por-el-crimen-del-empresario-de-san-antonio-de-padua\/","title":{"rendered":"Detuvieron a tres sospechosos por el crimen del empresario de San Antonio de Padua"},"content":{"rendered":"\n<p>Uno de los detenidos ser\u00eda el due\u00f1o del auto que us\u00f3 la banda para movilizarse, y otro, es hijo de este hombre.<\/p>\n\n\n\n<p><strong>Tres sospechosos fueron detenidos hoy en la localidad bonaerense de Ituzaing\u00f3, en medio de cinco allanamientos,<\/strong>\u00a0acusados por el\u00a0<strong>crimen del empresario de\u00a0San Antonio de Padua.<\/strong><br><br>Seg\u00fan informaron fuentes policiales,\u00a0<strong>uno de los detenidos fue identificado como Walter Rodr\u00edguez Sierra, de 53 a\u00f1os, de nacionalidad uruguaya<\/strong>\u00a0y que\u00a0<strong>ser\u00eda el due\u00f1o del auto en el que presuntamente se mov\u00eda la banda.\u00a0<\/strong><\/p>\n\n\n\n<p><strong>Durante los allanamientos tambi\u00e9n quedaron detenidos dos j\u00f3venes de 18 a\u00f1os, uno de ellos hijo de Rodr\u00edguez Sierra.<\/strong><\/p>\n\n\n\n<p>En uno de los domicilios la Polic\u00eda secuestr\u00f3 m\u00e1s de 80 municiones calibre .40; m\u00e1s de 150 municiones calibre 9 mil\u00edmetros, y unas pocas municiones .380<\/p>\n\n\n\n<p><strong>El fiscal a cargo de la causa, Claudio Oviedo, ya solicit\u00f3 la detenci\u00f3n formal<\/strong>&nbsp;de los aprehendidos y ahora espera su resoluci\u00f3n para poder indagarlos.&nbsp;<\/p>\n\n\n\n<p><strong>Gabriel Izzo, de 58 a\u00f1os, due\u00f1o de un aserradero de la zona oeste del Conurbano, fue asesinado este viernes durante la madrugada en su casa<\/strong>&nbsp;de San Antonio de Padua, en el partido de Merlo, por al menos cuatro delincuentes que ingresaron a la vivienda con fines de robo y que&nbsp;<strong>adem\u00e1s hirieron a su esposa, Silvana Petinari, que permanece internada.<\/strong><\/p>\n\n\n\n<p><strong>El hecho ocurri\u00f3 en la casa ubicada en la calle Italia al 1000,<\/strong>&nbsp;la cual ser\u00eda propiedad de Pedro Petinari, un reconocido empresario de la zona que falleci\u00f3 hace unos a\u00f1os, y en la vivienda tambi\u00e9n estaba la esposa de Petinari, madre de Silvana, que es la esposa de la v\u00edctima fatal.<\/p>\n\n\n\n<p>Tras el hecho,<strong>&nbsp;la mujer herida fue trasladada de urgencia a un hospital local, mientras que los delincuentes se dieron a la fuga en un Volkswagen Gol color gris.<\/strong><\/p>\n\n\n\n<p>Pedro Petinari, suegro de la v\u00edctima fatal, se dedicada a la fabricaci\u00f3n de acoplados, volcadoras y semirremolques, en el partido de Merlo.<\/p>\n\n\n\n<p>Los peritos secuestraron el arma de la v\u00edctima, quien habr\u00eda alcanzado a disparar pero no hiri\u00f3 a los delincuentes.<\/p>\n","protected":false},"excerpt":{"rendered":"<p>Uno de los detenidos ser\u00eda el due\u00f1o del auto que us\u00f3 la banda para movilizarse, y otro, es hijo de este hombre. Tres sospechosos fueron detenidos hoy en la localidad&hellip; <\/p>\n","protected":false},"author":4,"featured_media":66583,"comment_status":"closed","ping_status":"open","sticky":false,"template":"","format":"standard","meta":{"footnotes":""},"categories":[33],"tags":[],"class_list":["post-66580","post","type-post","status-publish","format-standard","has-post-thumbnail","hentry","category-policiales"],"_links":{"self":[{"href":"https:\/\/corrientesdetarde.com\/index.php\/wp-json\/wp\/v2\/posts\/66580","targetHints":{"allow":["GET"]}}],"collection":[{"href":"https:\/\/corrientesdetarde.com\/index.php\/wp-json\/wp\/v2\/posts"}],"about":[{"href":"https:\/\/corrientesdetarde.com\/index.php\/wp-json\/wp\/v2\/types\/post"}],"author":[{"embeddable":true,"href":"https:\/\/corrientesdetarde.com\/index.php\/wp-json\/wp\/v2\/users\/4"}],"replies":[{"embeddable":true,"href":"https:\/\/corrientesdetarde.com\/index.php\/wp-json\/wp\/v2\/comments?post=66580"}],"version-history":[{"count":1,"href":"https:\/\/corrientesdetarde.com\/index.php\/wp-json\/wp\/v2\/posts\/66580\/revisions"}],"predecessor-version":[{"id":66584,"href":"https:\/\/corrientesdetarde.com\/index.php\/wp-json\/wp\/v2\/posts\/66580\/revisions\/66584"}],"wp:featuredmedia":[{"embeddable":true,"href":"https:\/\/corrientesdetarde.com\/index.php\/wp-json\/wp\/v2\/media\/66583"}],"wp:attachment":[{"href":"https:\/\/corrientesdetarde.com\/index.php\/wp-json\/wp\/v2\/media?parent=66580"}],"wp:term":[{"taxonomy":"category","embeddable":true,"href":"https:\/\/corrientesdetarde.com\/index.php\/wp-json\/wp\/v2\/categories?post=66580"},{"taxonomy":"post_tag","embeddable":true,"href":"https:\/\/corrientesdetarde.com\/index.php\/wp-json\/wp\/v2\/tags?post=66580"}],"curies":[{"name":"wp","href":"https:\/\/api.w.org\/{rel}","templated":true}]}}