{"id":66585,"date":"2023-06-10T22:03:39","date_gmt":"2023-06-11T01:03:39","guid":{"rendered":"https:\/\/corrientesdetarde.com\/?p=66585"},"modified":"2023-06-10T22:03:41","modified_gmt":"2023-06-11T01:03:41","slug":"messi-ya-esta-en-china-para-el-amistoso-de-la-seleccion-argentina-ante-australia","status":"publish","type":"post","link":"https:\/\/corrientesdetarde.com\/index.php\/deportes\/messi-ya-esta-en-china-para-el-amistoso-de-la-seleccion-argentina-ante-australia\/","title":{"rendered":"Messi ya est\u00e1 en China para el amistoso de la Selecci\u00f3n argentina ante Australia"},"content":{"rendered":"\n<p>El capit\u00e1n de la &#8220;Scaloneta&#8221; lleg\u00f3 a Beijing en avi\u00f3n privado junto a Di Mar\u00eda, De Paul, Paredes, Enzo Fern\u00e1ndez y Molina.<\/p>\n\n\n\n<p><strong>Lionel Messi\u00a0arrib\u00f3 a China\u00a0<\/strong>durante la ma\u00f1ana de este s\u00e1bado, lugar donde el pr\u00f3ximo jueves<strong>\u00a0la Selecci\u00f3n campeona del mundo en Qatar 2022 disputar\u00e1 su amistoso frente a Australia en Beijing.<\/strong><\/p>\n\n\n\n<p>Mientras cientos de fan\u00e1ticos lo esperaban en el aeropuerto,<strong>&nbsp;la nueva estrella de Inter de Miami<\/strong>&nbsp;lleg\u00f3 a tierras chinas&nbsp;<strong>acompa\u00f1ado por \u00c1ngel Di Mar\u00eda, Rodrigo De Paul, Leandro Paredes, Enzo Fern\u00e1ndez y Nahuel Molina.&nbsp;<\/strong>Seg\u00fan los videos difundidos por la prensa local, todos subieron r\u00e1pidamente a un micro y salieron del lugar por la misma pista de aterrizaje.<\/p>\n\n\n\n<figure class=\"wp-block-image\"><img decoding=\"async\" src=\"https:\/\/noticiasargentinas.com\/images\/NA\/Contenidos\/FyQxJc2WYAAvCbl.webp\" alt=\"FyQxJc2WYAAvCbl.jpg\"\/><\/figure>\n\n\n\n<p>M\u00e1s temprano, ya se hab\u00edan sumado al plantel&nbsp;<strong>Nicol\u00e1s Otamendi y Cristian &#8220;Cuti&#8221; Romero.&nbsp;<\/strong>Anteriormente lo hicieron&nbsp;<strong>Facundo Buonanotte y Exequiel Palacios, y posteriormente hicieron lo propio con el correr de la jornada Nicol\u00e1s Tagliafico, Giovanni Simeone, Germ\u00e1n Pezzella, Ger\u00f3nimo Rulli, Lucas Ocampos, Walter Ben\u00edtez, Guido Rodr\u00edguez y Marcos Acu\u00f1a.<\/strong><\/p>\n\n\n\n<p>El arribo de<strong>&nbsp;Lautaro Mart\u00ednez y Juli\u00e1n \u00c1lvarez<\/strong>&nbsp;se demorar\u00e1 un tiempo m\u00e1s, debido a que este s\u00e1bado disputar\u00e1n la final de la Champions League en Estambul con Inter de Mil\u00e1n y Manchester City respectivamente. Una vez liberados por sus clubes, armar\u00e1n las valijas con destino a Beijing.<\/p>\n\n\n\n<p>Por otra parte, la Selecci\u00f3n nacional que&nbsp; ya tiene confirmado el horario del cruce frente a Australia y ser\u00e1 el pr\u00f3ximo&nbsp;<strong>jueves 15 de junio desde las 9 de la ma\u00f1ana de Argentina, 20 hora local de China,&nbsp;<\/strong>pa\u00eds que ser\u00e1 sede del duelo. Sin embargo, a\u00fan no se defini\u00f3 el horario para el duelo ante Indonesia en Yakarta.<\/p>\n\n\n\n<p>Estos dos amistosos ser\u00e1n los \u00faltimos de la Selecci\u00f3n argentina de Lionel Scaloni antes del inicio de las Eliminatorias Sudamericanas rumbo al pr\u00f3ximo Mundial de Estados Unidos, M\u00e9xico y Canad\u00e1.<\/p>\n","protected":false},"excerpt":{"rendered":"<p>El capit\u00e1n de la &#8220;Scaloneta&#8221; lleg\u00f3 a Beijing en avi\u00f3n privado junto a Di Mar\u00eda, De Paul, Paredes, Enzo Fern\u00e1ndez y Molina. Lionel Messi\u00a0arrib\u00f3 a China\u00a0durante la ma\u00f1ana de este&hellip; <\/p>\n","protected":false},"author":4,"featured_media":66586,"comment_status":"closed","ping_status":"open","sticky":false,"template":"","format":"standard","meta":{"footnotes":""},"categories":[4],"tags":[],"class_list":["post-66585","post","type-post","status-publish","format-standard","has-post-thumbnail","hentry","category-deportes"],"_links":{"self":[{"href":"https:\/\/corrientesdetarde.com\/index.php\/wp-json\/wp\/v2\/posts\/66585","targetHints":{"allow":["GET"]}}],"collection":[{"href":"https:\/\/corrientesdetarde.com\/index.php\/wp-json\/wp\/v2\/posts"}],"about":[{"href":"https:\/\/corrientesdetarde.com\/index.php\/wp-json\/wp\/v2\/types\/post"}],"author":[{"embeddable":true,"href":"https:\/\/corrientesdetarde.com\/index.php\/wp-json\/wp\/v2\/users\/4"}],"replies":[{"embeddable":true,"href":"https:\/\/corrientesdetarde.com\/index.php\/wp-json\/wp\/v2\/comments?post=66585"}],"version-history":[{"count":1,"href":"https:\/\/corrientesdetarde.com\/index.php\/wp-json\/wp\/v2\/posts\/66585\/revisions"}],"predecessor-version":[{"id":66587,"href":"https:\/\/corrientesdetarde.com\/index.php\/wp-json\/wp\/v2\/posts\/66585\/revisions\/66587"}],"wp:featuredmedia":[{"embeddable":true,"href":"https:\/\/corrientesdetarde.com\/index.php\/wp-json\/wp\/v2\/media\/66586"}],"wp:attachment":[{"href":"https:\/\/corrientesdetarde.com\/index.php\/wp-json\/wp\/v2\/media?parent=66585"}],"wp:term":[{"taxonomy":"category","embeddable":true,"href":"https:\/\/corrientesdetarde.com\/index.php\/wp-json\/wp\/v2\/categories?post=66585"},{"taxonomy":"post_tag","embeddable":true,"href":"https:\/\/corrientesdetarde.com\/index.php\/wp-json\/wp\/v2\/tags?post=66585"}],"curies":[{"name":"wp","href":"https:\/\/api.w.org\/{rel}","templated":true}]}}