{"id":66588,"date":"2023-06-10T22:06:29","date_gmt":"2023-06-11T01:06:29","guid":{"rendered":"https:\/\/corrientesdetarde.com\/?p=66588"},"modified":"2023-06-10T22:06:33","modified_gmt":"2023-06-11T01:06:33","slug":"sobre-el-final-boca-igualo-ante-lanus-y-rescato-un-punto-clave","status":"publish","type":"post","link":"https:\/\/corrientesdetarde.com\/index.php\/deportes\/sobre-el-final-boca-igualo-ante-lanus-y-rescato-un-punto-clave\/","title":{"rendered":"Sobre el final, Boca igual\u00f3 ante Lan\u00fas y rescat\u00f3 un punto clave"},"content":{"rendered":"\n<p>En la Bombonera, el Xeneize y el Granate igualaron 1 a 1.<\/p>\n\n\n\n<p><strong>Boca igual\u00f3 1 a 1 ante Lan\u00fas<\/strong>&nbsp;de local, en el partido correspondiente a la&nbsp;<strong>vig\u00e9sima fecha<\/strong>&nbsp;de la Liga Profesional y&nbsp;<strong>rescat\u00f3 un punto clave<\/strong>&nbsp;para acercarse a la zona de clasificaci\u00f3n a copas internacionales.<\/p>\n\n\n\n<p><strong>Leandro D\u00edaz<\/strong>&nbsp;fue el autor del gol para los de Frank Kudelka. Mientras que&nbsp;<strong>Dar\u00edo Benedetto<\/strong>&nbsp;estampo el empate.<\/p>\n\n\n\n<p>Con este resultado, Boca qued\u00f3 con&nbsp;<strong>28 puntos y se ubica d\u00e9cimo<\/strong>. Mientras que<strong>&nbsp;Lan\u00fas lleg\u00f3 a los 33 puntos<\/strong>&nbsp;y qued\u00f3 a 8 puntos de River, l\u00edder del campeonato.<\/p>\n\n\n\n<p>En una entretenida primera parte,<strong>&nbsp;Lan\u00fas fue el primero que avis\u00f3 tras una llegada de Mat\u00edas Esquivel<\/strong>, quien remat\u00f3 desde lejos y la pelota pas\u00f3 muy cerca del arco de Javier Garc\u00eda. R\u00e1pidamente, Boca reacciono y apareci\u00f3&nbsp;<strong>Dario Benedetto, que encar\u00f3 a sus defensores y cuando ten\u00eda el arco de frente, su disparo rebot\u00f3 en Juan S\u00e1nchez Mi\u00f1o.<\/strong><\/p>\n\n\n\n<p>A los 22 minutos, Juan Ram\u00edrez tuvo el primero para el conjunto de Jorge Almir\u00f3n pero su cabezazo fue detenido por Lucas Acosta con una salvada espectacular.<\/p>\n\n\n\n<p>Antes del descanso,<strong>&nbsp;apareci\u00f3 Leandro D\u00edaz que anticip\u00f3 en el \u00e1rea a Nicol\u00e1s Valentini y, de cabeza, puso el 1 a 0 a favor de Lan\u00fas.<\/strong><\/p>\n\n\n\n<p>En el complemento,<strong>&nbsp;Boca busco empujar a Lan\u00fas contra su propio arco,<\/strong>&nbsp;pero al equipo de Jorge Almir\u00f3n se mostr\u00f3 carente de ideas.<\/p>\n\n\n\n<p>La historia continu\u00f3 y&nbsp;Boca no encuentro las formas de hacerle da\u00f1o a Lan\u00fas, por lo que con canticos, el p\u00fablico de la Bombonera expres\u00f3 su molestia con la actuaci\u00f3n de su equipo. Y la buena iba a llegar<strong>&nbsp;a los 42 minutos, Dar\u00edo Benedetto convirti\u00f3 el empate para Boca, pero el juez de l\u00ednea levant\u00f3 el bander\u00edn, pero el VAR convalid\u00f3 el tanto.<\/strong>&nbsp;Consigi\u00f3 un punto clave.<\/p>\n\n\n\n<p>Por la Fecha 21, Boca visitar\u00e1 a Godoy Cruz el jueves 22 desde las 21.45 y Lan\u00fas recibir\u00e1 a Talleres el s\u00e1bado 24 desde las 20.<\/p>\n\n\n\n<h2 class=\"wp-block-heading\">Esta es la s\u00edntesis de Boca vs. Lan\u00fas por la Liga Profesional 2023:<\/h2>\n\n\n\n<p><br><strong>Liga Profesional 2023<\/strong><\/p>\n\n\n\n<p><strong>Fecha 20<\/strong><br><strong>Boca&nbsp; (1) vs. Lan\u00fas (1)<\/strong><br>Estadio: Alberto J. Armando<br>\u00c1rbitro: Fernando Echenique<br>VAR: Jorge Bali\u00f1o<br><br><strong>Boca Juniors:<\/strong>&nbsp;Javier Garc\u00eda; Facundo Roncaglia, Bruno Vald\u00e9z, Nicol\u00e1s Valentini y Valent\u00edn Barco; Cristian Medina, Ezequiel &#8220;Equi&#8221; Fern\u00e1ndez, Guillermo &#8220;Pol&#8221; Fern\u00e1ndez y Juan Ram\u00edrez; Dar\u00edo Benedetto y Oscar Romero. DT: Jorge Almir\u00f3n.<br><br><strong>Lan\u00fas:<\/strong>&nbsp;Lucas Acosta; Juan C\u00e1ceres, Felipe Aguilar, Cristian Lema, Juan S\u00e1nchez Mi\u00f1o; Ra\u00fal Loaiza, Tom\u00e1s Belmonte, Mat\u00edas Esquivel; Franco Orozco, Leandro D\u00edaz y Pedro De la Vega. DT: Frank Dar\u00edo Kudelka.<\/p>\n\n\n\n<p><strong>Gol en el primer tiempo:<\/strong>&nbsp;46m Leandro D\u00edaz (L)<\/p>\n\n\n\n<p><strong>Cambios en el segundo tiempo:&nbsp;<\/strong>(Inicio)&nbsp;A. Anselmino por B. Valdez (B),&nbsp;J. Fernandez por R. Loaiza (L), 18m&nbsp;&nbsp;L. Acosta por F. Orozco (L), 23m&nbsp;&nbsp;B. Cortes por J. Ramirez y A. Varela por E. Fernandez (B), 39m&nbsp;F. Troyansky por P.D.la Vega (L), 40m B. Aguirre por M. Esquivel (L)<\/p>\n","protected":false},"excerpt":{"rendered":"<p>En la Bombonera, el Xeneize y el Granate igualaron 1 a 1. Boca igual\u00f3 1 a 1 ante Lan\u00fas&nbsp;de local, en el partido correspondiente a la&nbsp;vig\u00e9sima fecha&nbsp;de la Liga Profesional&hellip; <\/p>\n","protected":false},"author":4,"featured_media":66589,"comment_status":"closed","ping_status":"open","sticky":false,"template":"","format":"standard","meta":{"footnotes":""},"categories":[4],"tags":[],"class_list":["post-66588","post","type-post","status-publish","format-standard","has-post-thumbnail","hentry","category-deportes"],"_links":{"self":[{"href":"https:\/\/corrientesdetarde.com\/index.php\/wp-json\/wp\/v2\/posts\/66588","targetHints":{"allow":["GET"]}}],"collection":[{"href":"https:\/\/corrientesdetarde.com\/index.php\/wp-json\/wp\/v2\/posts"}],"about":[{"href":"https:\/\/corrientesdetarde.com\/index.php\/wp-json\/wp\/v2\/types\/post"}],"author":[{"embeddable":true,"href":"https:\/\/corrientesdetarde.com\/index.php\/wp-json\/wp\/v2\/users\/4"}],"replies":[{"embeddable":true,"href":"https:\/\/corrientesdetarde.com\/index.php\/wp-json\/wp\/v2\/comments?post=66588"}],"version-history":[{"count":1,"href":"https:\/\/corrientesdetarde.com\/index.php\/wp-json\/wp\/v2\/posts\/66588\/revisions"}],"predecessor-version":[{"id":66590,"href":"https:\/\/corrientesdetarde.com\/index.php\/wp-json\/wp\/v2\/posts\/66588\/revisions\/66590"}],"wp:featuredmedia":[{"embeddable":true,"href":"https:\/\/corrientesdetarde.com\/index.php\/wp-json\/wp\/v2\/media\/66589"}],"wp:attachment":[{"href":"https:\/\/corrientesdetarde.com\/index.php\/wp-json\/wp\/v2\/media?parent=66588"}],"wp:term":[{"taxonomy":"category","embeddable":true,"href":"https:\/\/corrientesdetarde.com\/index.php\/wp-json\/wp\/v2\/categories?post=66588"},{"taxonomy":"post_tag","embeddable":true,"href":"https:\/\/corrientesdetarde.com\/index.php\/wp-json\/wp\/v2\/tags?post=66588"}],"curies":[{"name":"wp","href":"https:\/\/api.w.org\/{rel}","templated":true}]}}