{"id":66591,"date":"2023-06-10T22:13:55","date_gmt":"2023-06-11T01:13:55","guid":{"rendered":"https:\/\/corrientesdetarde.com\/?p=66591"},"modified":"2023-06-10T22:13:59","modified_gmt":"2023-06-11T01:13:59","slug":"julian-alvarez-es-el-primer-argentino-en-ganar-el-triplete-mas-grande-del-mundo","status":"publish","type":"post","link":"https:\/\/corrientesdetarde.com\/index.php\/deportes\/julian-alvarez-es-el-primer-argentino-en-ganar-el-triplete-mas-grande-del-mundo\/","title":{"rendered":"Juli\u00e1n \u00c1lvarez es el primer argentino en ganar el triplete m\u00e1s grande del mundo"},"content":{"rendered":"\n<p>El cordob\u00e9s tuvo un semestre inolvidable.<\/p>\n\n\n\n<p><strong>Juli\u00e1n \u00c1lvarez gan\u00f3 su primera Champions League<\/strong>&nbsp;vistiendo la camiseta del Manchester City, tras vencer por 1 a 0 al Inter de Mil\u00e1n y&nbsp;<strong>se convirti\u00f3 en el primer argentino en toda la historia en ganar, adem\u00e1s, la Copa Libertadores y la Copa del Mundo.&nbsp;<\/strong><\/p>\n\n\n\n<p>El delantero de 23 a\u00f1os, logr\u00f3 ganar la\u00a0<strong>Copa Libertadores en 2018 con River<\/strong>\u00a0en la recordada final contra Boca en Madrid,\u00a0 la\u00a0<strong>Copa del Mundo de Qatar 2022<\/strong>\u00a0en la final ante Francia y\u00a0<strong>el trofeo europeo<\/strong>\u00a0que obtuvo esta tarde con su equipo al vencer al Inter.<\/p>\n\n\n\n<figure class=\"wp-block-embed is-type-rich is-provider-twitter wp-block-embed-twitter\"><div class=\"wp-block-embed__wrapper\">\n<blockquote class=\"twitter-tweet\" data-width=\"550\" data-dnt=\"true\"><p lang=\"es\" dir=\"ltr\">\ud83d\udc4f\ud83c\udde6\ud83c\uddf7 Un Mundial, una <a href=\"https:\/\/twitter.com\/hashtag\/CHAMPIONSxESPN?src=hash&amp;ref_src=twsrc%5Etfw\">#CHAMPIONSxESPN<\/a>, una CONMEBOL Libertadores, una Premier&#8230; \u00a1TODOS LOS T\u00cdTULOS DE JULI\u00c1N \u00c1LVAREZ CON SOLO 23 A\u00d1OS! <a href=\"https:\/\/t.co\/CimdCL2wdR\">pic.twitter.com\/CimdCL2wdR<\/a><\/p>&mdash; ESPN Argentina (@ESPNArgentina) <a href=\"https:\/\/twitter.com\/ESPNArgentina\/status\/1667641600804020227?ref_src=twsrc%5Etfw\">June 10, 2023<\/a><\/blockquote><script async src=\"https:\/\/platform.twitter.com\/widgets.js\" charset=\"utf-8\"><\/script>\n<\/div><\/figure>\n\n\n\n<p>El futbolista&nbsp;<strong>se uni\u00f3 al selecto grupo, que comparte junto a otros cuatro jugadores<\/strong>&nbsp;que lo consiguieron en la historia: los brasile\u00f1os&nbsp;<strong>Dida, Roque J\u00fanior, Caf\u00fa y Ronaldinho.<\/strong><\/p>\n\n\n\n<p><strong>Dida<\/strong>,&nbsp;hist\u00f3rico arquero brasile\u00f1o logra esta marca con la Copa Libertadores en 1997 con Cruzeiro, Mundial de Corea-Jap\u00f3n 2002 con Brasil y Champions League 2003 y 2007 con Milan. Mientras que el defensor&nbsp;<strong>Roque Juni\u00f3r<\/strong>, hizo lo propio en la Copa Libertadores de 1999 con Palmeiras, Mundial de Corea-Jap\u00f3n 2002 con Brasil y Champions League 2003 con Milan. Lo mismo para&nbsp;<strong>Caf\u00fa<\/strong>&nbsp;con la Copa Libertadores 1992 y 1993 de la mano de Sao Paulo, Mundial EEUU 1994, Mundial de Corea-Jap\u00f3n 2002 con Brasil y Champions League 2007 con Milan.&nbsp;<\/p>\n\n\n\n<p>Por ultimo,<strong>&nbsp;Ronaldinho<\/strong>, quien alz\u00f3 la Copa Libertadores en 2013 con Atl\u00e9tico Mineiro, Mundial de Corea-Jap\u00f3n 2002 con Brasil y Champions League 2006 con Barcelona. Adem\u00e1s, incluye la Copa Am\u00e9rica de Paraguay 1999 y la medalla de bronce de los Juegos Ol\u00edmpicos de Beijing 2008 con la Selecci\u00f3n de Brasil y el Bal\u00f3n de Oro que recibi\u00f3 en 2005.<\/p>\n\n\n\n<p>Por otro lado, \u00c1lvarez adem\u00e1s de tentar los mencionados t\u00edtulos,&nbsp; en lo que se destaca el&nbsp; Mundial y la Champions en la misma temporada,&nbsp;<strong>se convirti\u00f3 en el decimosegundo jugador de la historia en conseguirlo, adem\u00e1s de primer argentino.<\/strong><\/p>\n\n\n\n<ul class=\"wp-block-list\"><li>Maier-Breitner-Schwarzenbeck-Muller-Hoeness-Beckenbauer- Kapellmann (Alemania y Bayern M\u00fanich en 1974).<\/li><li>Karembeu (Francia y Real Madrid en 1998)<\/li><li>Roberto Carlos (Brasil y Real Madrid en 2002)<\/li><li>Khedira (Alemania y Real Madrid en 2014)<\/li><li>Varane (Francia y Real Madrid en 2018)<\/li><\/ul>\n\n\n\n<h2 class=\"wp-block-heading\">\u00bfCuales son todos los t\u00edtulos que gan\u00f3 Juli\u00e1n \u00c1lvarez en su carrera?<\/h2>\n\n\n\n<p>-Copa Libertadores 2018<br>-Recopa Sudamericana 2019<br>-Copa Argentina 2019<br>-Supercopa Argentina 2019<br>-Preol\u00edmpico Sudamericano 2020<br>-Copa Am\u00e9rica 2021<br>-Liga Profesional 2021<br>-Trofeo de Campeones 2021<br>-Finalissima Conmebol &#8211; UEFA 2022<br>-Mundial 2022<br>-Premier League 2022\/23<br>-FA Cup 2022\/23<br>-Champions League 2022\/23<\/p>\n","protected":false},"excerpt":{"rendered":"<p>El cordob\u00e9s tuvo un semestre inolvidable. Juli\u00e1n \u00c1lvarez gan\u00f3 su primera Champions League&nbsp;vistiendo la camiseta del Manchester City, tras vencer por 1 a 0 al Inter de Mil\u00e1n y&nbsp;se convirti\u00f3&hellip; <\/p>\n","protected":false},"author":4,"featured_media":66592,"comment_status":"closed","ping_status":"open","sticky":false,"template":"","format":"standard","meta":{"footnotes":""},"categories":[4],"tags":[],"class_list":["post-66591","post","type-post","status-publish","format-standard","has-post-thumbnail","hentry","category-deportes"],"_links":{"self":[{"href":"https:\/\/corrientesdetarde.com\/index.php\/wp-json\/wp\/v2\/posts\/66591","targetHints":{"allow":["GET"]}}],"collection":[{"href":"https:\/\/corrientesdetarde.com\/index.php\/wp-json\/wp\/v2\/posts"}],"about":[{"href":"https:\/\/corrientesdetarde.com\/index.php\/wp-json\/wp\/v2\/types\/post"}],"author":[{"embeddable":true,"href":"https:\/\/corrientesdetarde.com\/index.php\/wp-json\/wp\/v2\/users\/4"}],"replies":[{"embeddable":true,"href":"https:\/\/corrientesdetarde.com\/index.php\/wp-json\/wp\/v2\/comments?post=66591"}],"version-history":[{"count":1,"href":"https:\/\/corrientesdetarde.com\/index.php\/wp-json\/wp\/v2\/posts\/66591\/revisions"}],"predecessor-version":[{"id":66593,"href":"https:\/\/corrientesdetarde.com\/index.php\/wp-json\/wp\/v2\/posts\/66591\/revisions\/66593"}],"wp:featuredmedia":[{"embeddable":true,"href":"https:\/\/corrientesdetarde.com\/index.php\/wp-json\/wp\/v2\/media\/66592"}],"wp:attachment":[{"href":"https:\/\/corrientesdetarde.com\/index.php\/wp-json\/wp\/v2\/media?parent=66591"}],"wp:term":[{"taxonomy":"category","embeddable":true,"href":"https:\/\/corrientesdetarde.com\/index.php\/wp-json\/wp\/v2\/categories?post=66591"},{"taxonomy":"post_tag","embeddable":true,"href":"https:\/\/corrientesdetarde.com\/index.php\/wp-json\/wp\/v2\/tags?post=66591"}],"curies":[{"name":"wp","href":"https:\/\/api.w.org\/{rel}","templated":true}]}}