{"id":66708,"date":"2023-06-11T19:49:29","date_gmt":"2023-06-11T22:49:29","guid":{"rendered":"https:\/\/corrientesdetarde.com\/?p=66708"},"modified":"2023-06-11T19:49:31","modified_gmt":"2023-06-11T22:49:31","slug":"cerraron-los-comicios-en-san-luis-con-una-participacion-del-70-del-padron-electoral","status":"publish","type":"post","link":"https:\/\/corrientesdetarde.com\/index.php\/politica\/cerraron-los-comicios-en-san-luis-con-una-participacion-del-70-del-padron-electoral\/","title":{"rendered":"CERRARON LOS COMICIOS EN SAN LUIS CON UNA PARTICIPACI\u00d3N DEL 70% DEL PADR\u00d3N ELECTORAL"},"content":{"rendered":"\n<p>Los comicios en San Luis para elegir a gobernador y vice, intendentes, concejales y legisladores cerraron hoy a las 18 en toda la provincia, en una jornada que se desarroll\u00f3 con total normalidad y vot\u00f3 alrededor del 70% del padr\u00f3n electoral, seg\u00fan detall\u00f3 la Secretar\u00eda Electoral Provincial.<\/p>\n\n\n\n<p>En un d\u00eda soleado, caracterizado por un fr\u00edo intenso, los comicios se desarrollaron con normalidad en todo el territorio provincial, luego del retraso que se registr\u00f3 al inicio en algunas mesas en diversos puntos debido al armado de los centros de votaci\u00f3n por la cantidad de boletas.<\/p>\n\n\n\n<p>La mayor\u00eda de las personas comenzaron a acercarse a los centros de votaci\u00f3n a media ma\u00f1ana y en horas del mediod\u00eda, destacaron desde la Secretaria Electoral.<\/p>\n\n\n\n<p>Los principales candidatos para las elecciones a gobernador de San Luis hab\u00edan votado antes del mediod\u00eda en la capital y en el interior provincial.<\/p>\n\n\n\n<p>El senador nacional Adolfo Rodr\u00edguez Sa\u00e1 fue uno de \u00faltimos referentes provinciales en votar pasado el mediod\u00eda, en la localidad de Potrero de los Funes, y resalt\u00f3 que las &#8220;discrepancias pol\u00edticas&#8221; con su hermano, el gobernador Alberto Rodr\u00edguez Sa\u00e1, son &#8220;muy graves&#8221;, principalmente por la situaci\u00f3n econ\u00f3mica que vive la provincia.<\/p>\n\n\n\n<p>&#8220;San Luis era ejemplo a nivel nacional de buenos indicadores, hoy est\u00e1 entre las peores y sobre todo una que duele mucho que es el \u00edndice de pobreza que afecta a 7 de cada 10 ni\u00f1os puntanos; eso es inadmisible que suceda y por eso estamos en diferentes veredas&#8221;, destac\u00f3 el exgobernador.<\/p>\n\n\n\n<p>Adem\u00e1s resalt\u00f3 que la alianza con el candidato de Cambia San Luis, Claudio Poggi, es un &#8220;acuerdo program\u00e1tico provincial&#8221; y aclar\u00f3 que no ser\u00e1 jefe de Gabinete en caso de que sea electo gobernador: &#8220;No voy a ser nada, soy &#8216;el Adolfo&#8217; y contribuir\u00e9 si me piden, estoy siempre dispuesto a trabajar por el pueblo de San Luis&#8221;, enfatiz\u00f3.<\/p>\n\n\n\n<p>Con respecto a Ley de Lemas, manifest\u00f3 que consideraba que esta herramienta electoral podr\u00eda contribuir a ordenar la interna de los partidos solo si exist\u00eda un gran acuerdo con todos los sectores, pero advirti\u00f3 no fue as\u00ed y que &#8220;se hizo lo que \u00e9l quer\u00eda, como siempre&#8221;, en alusi\u00f3n a su hermano, Alberto.<\/p>\n\n\n\n<p>En cuanto al panorama nacional, destac\u00f3 que ser\u00eda conveniente, tanto en el oficialismo como oposici\u00f3n, ir a las PASO y que el pueblo argentino sea el que defina a su candidato y no una sola persona.<\/p>\n\n\n\n<p>Al emitir su \u00faltimo voto como gobernador en esta etapa, Alberto Rodr\u00edguez Sa\u00e1 elogi\u00f3 la Ley de Lemas como sistema electoral y reconoci\u00f3 que &#8220;no pensamos que iba a ser tan bueno&#8221;, al referirse al nivel de participaci\u00f3n en las distintas candidaturas.<\/p>\n\n\n\n<p>&#8220;Hay mucha civilidad y necesidad de renovaci\u00f3n de liderazgos&#8221;, dijo, y agreg\u00f3 que el sistema permite adem\u00e1s ahorrar en los &#8220;recursos que significan hacer varias elecciones&#8221; y que son &#8220;muy costosos&#8221;.<\/p>\n\n\n\n<p>Aclar\u00f3 que no vive la carrera electoral como &#8220;una puja&#8221; con su hermano Adolfo, quien apoya al lema opositor, pero reconoci\u00f3 que tiene una relaci\u00f3n &#8220;dif\u00edcil y distante&#8221; y que le &#8220;duele&#8221; verlo en la otra vereda porque &#8220;\u00e9l es un enorme dirigente y por su enorme historia no se merece estar donde ahora est\u00e1&#8221;.<\/p>\n\n\n\n<p>El candidato oficialista, Jorge &#8220;Gato&#8221; Fern\u00e1ndez, que encabeza el lema Uni\u00f3n por San Luis, emiti\u00f3 su voto cerca de las 11 en Tilisarao, localidad ubicada a 137 kil\u00f3metros al noreste de la capital, y expres\u00f3 su &#8220;felicidad enorme&#8221;.<\/p>\n\n\n\n<p>Fern\u00e1ndez anticip\u00f3 que esperar\u00e1 los resultados de la elecci\u00f3n en la capital de la provincia.<\/p>\n\n\n\n<p>Por su parte, el senador Poggi, candidato a gobernador por la coalici\u00f3n opositora Juntos por el Cambio (JxC), emiti\u00f3 su voto a las 9.45 y denunci\u00f3 &#8220;un ataque desmesurado del Gobierno&#8221; hacia su persona; se\u00f1al\u00f3 la propagaci\u00f3n de fake news sobre las propuestas de su espacio y alert\u00f3 que no van a admitir &#8220;piller\u00edas electorales que violenten la voluntad popular&#8221;.<\/p>\n\n\n\n<p>&#8220;Estamos con el cuchillo entre los dientes&#8221;, afirm\u00f3, y asegur\u00f3 que se est\u00e1 &#8220;subestimando la inteligencia del pueblo que va a dar una sorpresa&#8221;.<\/p>\n\n\n\n<p>Tambi\u00e9n adelant\u00f3 que durante su gesti\u00f3n el sistema de votaci\u00f3n &#8220;va a ser reemplazado por la boleta \u00fanica papel o el voto electr\u00f3nico&#8221;.<\/p>\n\n\n\n<p>La elecci\u00f3n en San Luis se inici\u00f3 a las 8 con una ma\u00f1ana fr\u00eda, con 2.600 autoridades de mesa designadas, entre presidentes y vicepresidentes, que custodian el derecho a voto de 418.689 sanluise\u00f1os para elegir a las m\u00e1ximas autoridades del Poder Ejecutivo provincial.<\/p>\n\n\n\n<p>Ocho candidatos disputan la gobernaci\u00f3n y se eligen tambi\u00e9n diputados y senadores provinciales, intendentes municipales y comisionados y concejales, quienes completan las boletas que, bajo la Ley de Lemas, definir\u00e1n 162 cargos.<\/p>\n\n\n\n<p>Son 185 los sublemas que completan la oferta para los votantes en una elecci\u00f3n que se anuncia polarizada entre Uni\u00f3n por San Luis, que representa al oficialismo, y Cambia San Luis, por la oposici\u00f3n.<\/p>\n\n\n\n<p>En el primero se presentan cuatro f\u00f3rmulas: Jorge &#8220;Gato&#8221; Fern\u00e1ndez y Mar\u00eda Eugenia Catalfamo (Celeste Unidad), Diego Gonz\u00e1lez y Miguel \u00c1ngel &#8220;Rody&#8221; Flores (Modelo Productivo), Marcelo Amitrano y Carina Chirino (Blanca, Azul y Blanca), y Mariela Cros y Claudio Sives (Movimiento Evita).<\/p>\n\n\n\n<p>En el segundo disputan la gobernaci\u00f3n Claudio Poggi y Ricardo Endeiza (Avanzar), y Eduardo Mones Ruiz y Marcelo Rodas (Encuentro Multisectorial).<\/p>\n\n\n\n<p>La izquierda compite con dos lemas que llevan dos referencias, a Johana G\u00f3mez, quien encabeza la lista del Frente de Izquierda y de Trabajadores-Unidad junto a Iv\u00e1n Amado, y, por el otro, \u00cdtalo Gallardo, acompa\u00f1ado por Yolanda Abreg\u00fa, que va por el Movimiento al Socialismo.<\/p>\n\n\n\n<p>El escrutinio provisorio ser\u00e1 desarrollado por el Correo Argentino y la carga de resultados se realizar\u00e1 desde las 21, mientras que la Justicia Electoral provincial har\u00e1 el escrutinio definitivo a partir del martes 13 de junio, desde las 18, para lo que habilitar\u00e1n 9 mesas escrutadoras, una por cada departamento.<\/p>\n","protected":false},"excerpt":{"rendered":"<p>Los comicios en San Luis para elegir a gobernador y vice, intendentes, concejales y legisladores cerraron hoy a las 18 en toda la provincia, en una jornada que se desarroll\u00f3&hellip; <\/p>\n","protected":false},"author":11,"featured_media":66709,"comment_status":"closed","ping_status":"open","sticky":false,"template":"","format":"standard","meta":{"footnotes":""},"categories":[3],"tags":[378,626],"class_list":["post-66708","post","type-post","status-publish","format-standard","has-post-thumbnail","hentry","category-politica","tag-elecciones","tag-san-luis"],"_links":{"self":[{"href":"https:\/\/corrientesdetarde.com\/index.php\/wp-json\/wp\/v2\/posts\/66708","targetHints":{"allow":["GET"]}}],"collection":[{"href":"https:\/\/corrientesdetarde.com\/index.php\/wp-json\/wp\/v2\/posts"}],"about":[{"href":"https:\/\/corrientesdetarde.com\/index.php\/wp-json\/wp\/v2\/types\/post"}],"author":[{"embeddable":true,"href":"https:\/\/corrientesdetarde.com\/index.php\/wp-json\/wp\/v2\/users\/11"}],"replies":[{"embeddable":true,"href":"https:\/\/corrientesdetarde.com\/index.php\/wp-json\/wp\/v2\/comments?post=66708"}],"version-history":[{"count":1,"href":"https:\/\/corrientesdetarde.com\/index.php\/wp-json\/wp\/v2\/posts\/66708\/revisions"}],"predecessor-version":[{"id":66710,"href":"https:\/\/corrientesdetarde.com\/index.php\/wp-json\/wp\/v2\/posts\/66708\/revisions\/66710"}],"wp:featuredmedia":[{"embeddable":true,"href":"https:\/\/corrientesdetarde.com\/index.php\/wp-json\/wp\/v2\/media\/66709"}],"wp:attachment":[{"href":"https:\/\/corrientesdetarde.com\/index.php\/wp-json\/wp\/v2\/media?parent=66708"}],"wp:term":[{"taxonomy":"category","embeddable":true,"href":"https:\/\/corrientesdetarde.com\/index.php\/wp-json\/wp\/v2\/categories?post=66708"},{"taxonomy":"post_tag","embeddable":true,"href":"https:\/\/corrientesdetarde.com\/index.php\/wp-json\/wp\/v2\/tags?post=66708"}],"curies":[{"name":"wp","href":"https:\/\/api.w.org\/{rel}","templated":true}]}}