{"id":66977,"date":"2023-06-13T09:30:43","date_gmt":"2023-06-13T12:30:43","guid":{"rendered":"https:\/\/corrientesdetarde.com\/?p=66977"},"modified":"2023-06-13T09:31:14","modified_gmt":"2023-06-13T12:31:14","slug":"gaston-manes-la-ucr-ya-no-debe-ser-furgon-de-cola-ni-grupo-de-soporte-de-nadie","status":"publish","type":"post","link":"https:\/\/corrientesdetarde.com\/index.php\/politica\/gaston-manes-la-ucr-ya-no-debe-ser-furgon-de-cola-ni-grupo-de-soporte-de-nadie\/","title":{"rendered":"GAST\u00d3N MANES: LA UCR &#8220;YA NO DEBE SER FURG\u00d3N DE COLA NI GRUPO DE SOPORTE DE NADIE&#8221;"},"content":{"rendered":"\n<p>(Corresponsalia Buenos Aires) &#8211; El presidente de la Convenci\u00f3n Nacional de la Uni\u00f3n C\u00edvica Radical (UCR) advirti\u00f3 que ese partido &#8220;ya no debe ser el furg\u00f3n de cola&#8221; ni &#8220;el grupo de soporte de nadie&#8221; y en ese sentido sostuvo que no proveer\u00e1n &#8220;a la coalici\u00f3n solo el cuerpo y territorialidad para que decidan otros&#8221;, sino que quieren &#8220;ser los miembros, el coraz\u00f3n, el torso y la cabeza&#8221; de Juntos por el Cambio (JxC).<\/p>\n\n\n\n<p>Manes, hermano del diputado y precandidato presidencial Facundo Manes, pidi\u00f3 entonces que los dirigentes del partido &#8220;abandonen la pasividad y cualquier forma de oportunismo&#8221;.<\/p>\n\n\n\n<p>En su discurso de apertura de la reuni\u00f3n de la Convenci\u00f3n, asever\u00f3 que existe &#8220;la oportunidad&#8221; de &#8220;ser protagonistas en la construcci\u00f3n del a alternativa pol\u00edtica al populismo de derecha y de izquierda&#8221;.<\/p>\n\n\n\n<p>En un mensaje hacia el interior del partido y a la vez a la coalici\u00f3n opositora, Manes dijo que la UCR &#8220;ya no debe ser el furg\u00f3n de cola de nadie&#8221;.<\/p>\n\n\n\n<p>&#8220;No proveeremos a la coalici\u00f3n solo el cuerpo y territorialidad para que decidan otros, sino que queremos ser los miembros, el coraz\u00f3n, el torso y la cabeza de la coalici\u00f3n&#8221;, sostuvo, e insisti\u00f3 con que la UCR no es &#8220;grupo de soporte de nadie&#8221;.<\/p>\n\n\n\n<p>&#8220;Queremos ser la alternativa de ejercicio de poder en la Argentina, as\u00ed nos lo ense\u00f1aron nuestros lideres a lo largo de la historia&#8221;, enfatiz\u00f3.<\/p>\n","protected":false},"excerpt":{"rendered":"<p>(Corresponsalia Buenos Aires) &#8211; El presidente de la Convenci\u00f3n Nacional de la Uni\u00f3n C\u00edvica Radical (UCR) advirti\u00f3 que ese partido &#8220;ya no debe ser el furg\u00f3n de cola&#8221; ni &#8220;el&hellip; <\/p>\n","protected":false},"author":11,"featured_media":66979,"comment_status":"closed","ping_status":"open","sticky":false,"template":"","format":"standard","meta":{"footnotes":""},"categories":[3],"tags":[636,635,634,78],"class_list":["post-66977","post","type-post","status-publish","format-standard","has-post-thumbnail","hentry","category-politica","tag-cola","tag-gaston","tag-manes","tag-ucr"],"_links":{"self":[{"href":"https:\/\/corrientesdetarde.com\/index.php\/wp-json\/wp\/v2\/posts\/66977","targetHints":{"allow":["GET"]}}],"collection":[{"href":"https:\/\/corrientesdetarde.com\/index.php\/wp-json\/wp\/v2\/posts"}],"about":[{"href":"https:\/\/corrientesdetarde.com\/index.php\/wp-json\/wp\/v2\/types\/post"}],"author":[{"embeddable":true,"href":"https:\/\/corrientesdetarde.com\/index.php\/wp-json\/wp\/v2\/users\/11"}],"replies":[{"embeddable":true,"href":"https:\/\/corrientesdetarde.com\/index.php\/wp-json\/wp\/v2\/comments?post=66977"}],"version-history":[{"count":1,"href":"https:\/\/corrientesdetarde.com\/index.php\/wp-json\/wp\/v2\/posts\/66977\/revisions"}],"predecessor-version":[{"id":66980,"href":"https:\/\/corrientesdetarde.com\/index.php\/wp-json\/wp\/v2\/posts\/66977\/revisions\/66980"}],"wp:featuredmedia":[{"embeddable":true,"href":"https:\/\/corrientesdetarde.com\/index.php\/wp-json\/wp\/v2\/media\/66979"}],"wp:attachment":[{"href":"https:\/\/corrientesdetarde.com\/index.php\/wp-json\/wp\/v2\/media?parent=66977"}],"wp:term":[{"taxonomy":"category","embeddable":true,"href":"https:\/\/corrientesdetarde.com\/index.php\/wp-json\/wp\/v2\/categories?post=66977"},{"taxonomy":"post_tag","embeddable":true,"href":"https:\/\/corrientesdetarde.com\/index.php\/wp-json\/wp\/v2\/tags?post=66977"}],"curies":[{"name":"wp","href":"https:\/\/api.w.org\/{rel}","templated":true}]}}