{"id":67001,"date":"2023-06-13T10:48:04","date_gmt":"2023-06-13T13:48:04","guid":{"rendered":"https:\/\/corrientesdetarde.com\/?p=67001"},"modified":"2023-06-13T10:48:05","modified_gmt":"2023-06-13T13:48:05","slug":"paro-de-colectivos-la-uta-arreglo-en-el-amba-y-cordoba-pero-en-el-resto-del-pais-no-hay-servicio","status":"publish","type":"post","link":"https:\/\/corrientesdetarde.com\/index.php\/locales\/paro-de-colectivos-la-uta-arreglo-en-el-amba-y-cordoba-pero-en-el-resto-del-pais-no-hay-servicio\/","title":{"rendered":"Paro de colectivos: la UTA arregl\u00f3 en el AMBA y C\u00f3rdoba pero en el resto del pa\u00eds no hay servicio"},"content":{"rendered":"\n<p>En el d\u00eda m\u00e1s fr\u00edo en lo que va del a\u00f1o, los pasajeros en Corrientes se rebuscan para llegar a destino.<\/p>\n\n\n\n<p>Luego de una extensa reuni\u00f3n que dur\u00f3 varias horas, los representantes de la&nbsp;<strong>Uni\u00f3n Tranviarios Automotor (UTA)<\/strong>&nbsp;no llegaron a un acuerdo con las autoridades nacionales y las empresas del sector, y se har\u00e1 efectivo el&nbsp;<strong>paro total de colectivos en el interior del pa\u00eds<\/strong>&nbsp;que estaba previsto para este martes, aunque a partir de negociaciones de \u00faltima hora, se levant\u00f3 la protesta en la ciudad de Buenos Aires y sus alrededores, que en un principio tambi\u00e9n iban a estar incluidos.<\/p>\n\n\n\n<p>La medida se hace efectiva en el d\u00eda m\u00e1s fr\u00edo en lo que va del a\u00f1o y los pasajeros han quedado a la deriva intentando cumplir con sus obligaciones. Entre los m\u00e1s afectados son los que necesitan moverse entre Corrientes y Resistencia, ya que la alternativa a los colectivos para cruzar el puente son los remises, cuya empresa actualmente solo tiene 11 m\u00f3viles en funcionamiento. Desde las 7 de la ma\u00f1ana se ve\u00eda un n\u00famero considerable de personas haciendo fila en el puerto esperando la llegada de los m\u00f3viles que los puedan trasladar hacia la ciudad vecina.<\/p>\n\n\n\n<figure class=\"wp-block-image\"><img decoding=\"async\" src=\"https:\/\/www.lt7noticias.com\/content\/bucket\/7\/48787w770h559c.jpg.webp\" alt=\"\"\/><\/figure>\n\n\n\n<p>En la ciudad, quienes deben llegar a trabajar en la zona del centro desde barrios alejados tambi\u00e9n gener\u00f3 grandes inconvenientes, ya que al problema de la dificultad en el transporte se suma el de las bajas temperaturas. Entre las 6 y las 8 de esta ma\u00f1ana, la sensaci\u00f3n t\u00e9rmica en Corrientes era de 5 \u00b0C.<\/p>\n\n\n\n<p>Algunos pedieron apoyo a vecinos con veh\u00edculos para trasladarse en grupo o se organizaron para hacer su viaje en bicicleta pero en grupos, para hacerle frente a posibles problemas de inseguridad. Los que no tuvieron opci\u00f3n.<\/p>\n","protected":false},"excerpt":{"rendered":"<p>En el d\u00eda m\u00e1s fr\u00edo en lo que va del a\u00f1o, los pasajeros en Corrientes se rebuscan para llegar a destino. Luego de una extensa reuni\u00f3n que dur\u00f3 varias horas,&hellip; <\/p>\n","protected":false},"author":4,"featured_media":67003,"comment_status":"closed","ping_status":"open","sticky":false,"template":"","format":"standard","meta":{"footnotes":""},"categories":[8],"tags":[],"class_list":["post-67001","post","type-post","status-publish","format-standard","has-post-thumbnail","hentry","category-locales"],"_links":{"self":[{"href":"https:\/\/corrientesdetarde.com\/index.php\/wp-json\/wp\/v2\/posts\/67001","targetHints":{"allow":["GET"]}}],"collection":[{"href":"https:\/\/corrientesdetarde.com\/index.php\/wp-json\/wp\/v2\/posts"}],"about":[{"href":"https:\/\/corrientesdetarde.com\/index.php\/wp-json\/wp\/v2\/types\/post"}],"author":[{"embeddable":true,"href":"https:\/\/corrientesdetarde.com\/index.php\/wp-json\/wp\/v2\/users\/4"}],"replies":[{"embeddable":true,"href":"https:\/\/corrientesdetarde.com\/index.php\/wp-json\/wp\/v2\/comments?post=67001"}],"version-history":[{"count":1,"href":"https:\/\/corrientesdetarde.com\/index.php\/wp-json\/wp\/v2\/posts\/67001\/revisions"}],"predecessor-version":[{"id":67006,"href":"https:\/\/corrientesdetarde.com\/index.php\/wp-json\/wp\/v2\/posts\/67001\/revisions\/67006"}],"wp:featuredmedia":[{"embeddable":true,"href":"https:\/\/corrientesdetarde.com\/index.php\/wp-json\/wp\/v2\/media\/67003"}],"wp:attachment":[{"href":"https:\/\/corrientesdetarde.com\/index.php\/wp-json\/wp\/v2\/media?parent=67001"}],"wp:term":[{"taxonomy":"category","embeddable":true,"href":"https:\/\/corrientesdetarde.com\/index.php\/wp-json\/wp\/v2\/categories?post=67001"},{"taxonomy":"post_tag","embeddable":true,"href":"https:\/\/corrientesdetarde.com\/index.php\/wp-json\/wp\/v2\/tags?post=67001"}],"curies":[{"name":"wp","href":"https:\/\/api.w.org\/{rel}","templated":true}]}}