{"id":67002,"date":"2023-06-13T10:47:48","date_gmt":"2023-06-13T13:47:48","guid":{"rendered":"https:\/\/corrientesdetarde.com\/?p=67002"},"modified":"2023-06-13T10:47:51","modified_gmt":"2023-06-13T13:47:51","slug":"la-iglesia-catolica-celebra-a-san-antonio-de-padua-el-santo-que-tuvo-en-brazos-al-nino-jesus","status":"publish","type":"post","link":"https:\/\/corrientesdetarde.com\/index.php\/informacion-general\/la-iglesia-catolica-celebra-a-san-antonio-de-padua-el-santo-que-tuvo-en-brazos-al-nino-jesus\/","title":{"rendered":"La Iglesia Cat\u00f3lica celebra a San Antonio de Padua, el santo que tuvo en brazos al Ni\u00f1o Jes\u00fas"},"content":{"rendered":"\n<p>Los fieles, que lo consideran &#8220;muy milagroso&#8221;, piden su intercesi\u00f3n en las m\u00e1s diversas ocasiones, siempre que un objeto valioso se ha extraviado, o cuando se busca pareja para casarse o, m\u00e1s recientemente, si alguien padece de enfermedad cel\u00edaca.<\/p>\n\n\n\n<p>Llamado a servir a Cristo<\/p>\n\n\n\n<p><br>San Antonio de Padua, conocido tambi\u00e9n como San Antonio de Lisboa por el lugar donde naci\u00f3, perteneci\u00f3 a una familia de origen noble. Su nombre secular fue Fernando Martim de Bulh\u00f5es e Taveira Azevedo, nacido en Portugal en 1195. De ni\u00f1o fue consagrado a la Sant\u00edsima Virgen.<\/p>\n\n\n\n<p>En su adolescencia temprana estuvo rodeado de frivolidades que supo bien rechazar despu\u00e9s, ayudado por la gracia de Dios. La consecuente experiencia de libertad ir\u00eda forjando una amistad sincera con el Se\u00f1or, que durar\u00eda toda la vida.<\/p>\n\n\n\n<p>Como los buenos amigos se tratan con frecuencia, el futuro Antonio no perd\u00eda oportunidad para ponerse de rodillas frente al Sant\u00edsimo Sacramento. A trav\u00e9s de la oraci\u00f3n entendi\u00f3 muy bien que solo Dios fortalece.<\/p>\n\n\n\n<p><br>Aprendida la lecci\u00f3n, a los 15 a\u00f1os, ingres\u00f3 a los Can\u00f3nigos Regulares de San Agust\u00edn; aunque diez a\u00f1os m\u00e1s tarde ingresar\u00eda a los Frailes Menores Franciscanos.<\/p>\n\n\n\n<p><strong>Tras los pasos de San Francisco de Asis<\/strong><\/p>\n\n\n\n<p>&#8220;Fernando&#8221; fue admitido en la Orden Franciscana a inicios de 1221; entonces, cambiar\u00eda su nombre por el de &#8220;Antonio&#8221;. Pronto, el novel fraile participar\u00eda en As\u00eds (Italia) del cap\u00edtulo general de la orden y m\u00e1s adelante ser\u00eda enviado a predicar por pueblos y ciudades.<\/p>\n\n\n\n<p>&nbsp;<br>Era tal su elocuencia que el Papa Gregorio IX (1227-1241) lo llam\u00f3 &#8220;Arca del Testamento&#8221;. Su trato afable cal\u00f3 en el coraz\u00f3n de la gente, que buscaba estar cerca de \u00e9l y que en m\u00e1s de una oportunidad le arranc\u00f3 pedazos de su h\u00e1bito. Por esa raz\u00f3n, se le tuvo que asignar un grupo de hermanos para protegerlo.<\/p>\n\n\n\n<p>Antonio predic\u00f3 en plazas y mercados. Sus sermones transformaron muchos corazones. Era frecuente ver a los conversos caer de rodillas a sus pies, agradecidos por haberse reencontrado con el amor y el perd\u00f3n de Dios.<\/p>\n","protected":false},"excerpt":{"rendered":"<p>Los fieles, que lo consideran &#8220;muy milagroso&#8221;, piden su intercesi\u00f3n en las m\u00e1s diversas ocasiones, siempre que un objeto valioso se ha extraviado, o cuando se busca pareja para casarse&hellip; <\/p>\n","protected":false},"author":1,"featured_media":67004,"comment_status":"closed","ping_status":"open","sticky":false,"template":"","format":"standard","meta":{"footnotes":""},"categories":[1],"tags":[],"class_list":["post-67002","post","type-post","status-publish","format-standard","has-post-thumbnail","hentry","category-informacion-general"],"_links":{"self":[{"href":"https:\/\/corrientesdetarde.com\/index.php\/wp-json\/wp\/v2\/posts\/67002","targetHints":{"allow":["GET"]}}],"collection":[{"href":"https:\/\/corrientesdetarde.com\/index.php\/wp-json\/wp\/v2\/posts"}],"about":[{"href":"https:\/\/corrientesdetarde.com\/index.php\/wp-json\/wp\/v2\/types\/post"}],"author":[{"embeddable":true,"href":"https:\/\/corrientesdetarde.com\/index.php\/wp-json\/wp\/v2\/users\/1"}],"replies":[{"embeddable":true,"href":"https:\/\/corrientesdetarde.com\/index.php\/wp-json\/wp\/v2\/comments?post=67002"}],"version-history":[{"count":1,"href":"https:\/\/corrientesdetarde.com\/index.php\/wp-json\/wp\/v2\/posts\/67002\/revisions"}],"predecessor-version":[{"id":67005,"href":"https:\/\/corrientesdetarde.com\/index.php\/wp-json\/wp\/v2\/posts\/67002\/revisions\/67005"}],"wp:featuredmedia":[{"embeddable":true,"href":"https:\/\/corrientesdetarde.com\/index.php\/wp-json\/wp\/v2\/media\/67004"}],"wp:attachment":[{"href":"https:\/\/corrientesdetarde.com\/index.php\/wp-json\/wp\/v2\/media?parent=67002"}],"wp:term":[{"taxonomy":"category","embeddable":true,"href":"https:\/\/corrientesdetarde.com\/index.php\/wp-json\/wp\/v2\/categories?post=67002"},{"taxonomy":"post_tag","embeddable":true,"href":"https:\/\/corrientesdetarde.com\/index.php\/wp-json\/wp\/v2\/tags?post=67002"}],"curies":[{"name":"wp","href":"https:\/\/api.w.org\/{rel}","templated":true}]}}