{"id":67047,"date":"2023-06-13T15:02:33","date_gmt":"2023-06-13T18:02:33","guid":{"rendered":"https:\/\/corrientesdetarde.com\/?p=67047"},"modified":"2023-06-13T15:02:38","modified_gmt":"2023-06-13T18:02:38","slug":"juegos-culturales-correntinos-el-selectivo-de-capital-se-realizara-el-30-de-junio","status":"publish","type":"post","link":"https:\/\/corrientesdetarde.com\/index.php\/deportes\/juegos-culturales-correntinos-el-selectivo-de-capital-se-realizara-el-30-de-junio\/","title":{"rendered":"Juegos Culturales Correntinos: el selectivo de Capital se realizar\u00e1 el 30 de junio"},"content":{"rendered":"\n<p>Juegos Culturales Correntinos: el selectivo de Capital se realizar\u00e1 el 30 de junio<\/p>\n\n\n\n<p>La convocatoria para formar parte de los Juegos Culturales Correntinos 2023, organizados por el Instituto de Cultura de Corrientes, est\u00e1 abierta en toda la provincia. En el caso de los capitalinos, el selectivo se llevar\u00e1 adelante el viernes 30 de junio, a las 9, en el Museo de Artesan\u00edas Tradicionales (MAT).<\/p>\n\n\n\n<p>Pueden participar j\u00f3venes de 12 a 18 a\u00f1os, adultos mayores y personas con discapacidad (12 a 18 a\u00f1os) en las disciplinas: canto solista, danza (individual y pareja), conjunto musical, teatro (unipersonal y grupal), dibujo\/pintura, cuento, poes\u00eda, fotograf\u00eda, historieta, videominuto y freestyle.<\/p>\n\n\n\n<p>Los participantes que sean de Capital, tendr\u00e1n tiempo de anotarse hasta el lunes 26 de junio, y para ello deben solicitar el reglamento al correo&nbsp;<a href=\"mailto:juegoscorrentinos@gmail.com\" target=\"_blank\" rel=\"noreferrer noopener\">juegoscorrentinos@gmail.com<\/a><\/p>\n\n\n\n<p>Este programa provincial est\u00e1 destinado a j\u00f3venes de 12 a 18 a\u00f1os y a adultos mayores (m\u00e1s de 60 a\u00f1os) de toda la provincia, en distintas categor\u00edas art\u00edsticas. Este a\u00f1o, divididos en las categor\u00edas: Sub 15 (de 12 a 15 a\u00f1os al 31 de diciembre de 2023); Sub 18 (de 15 a 18 a\u00f1os al 31 de diciembre de 2023), Categor\u00eda \u00danica (de 12 a 18 a\u00f1os al 31 de diciembre de 2023) y adultos mayores de 60 a\u00f1os.<\/p>\n\n\n\n<p>Quienes se sumen a los Juegos Culturales Correntinos, competir\u00e1n en una de las siguientes disciplinas: en la categor\u00eda \u00fanica (12 a 18 a\u00f1os) lo har\u00e1n en conjunto musical, teatro grupal, teatro unipersonal, historieta y danza libre; en las categor\u00edas Sub 15 y Sub 18 en canto solista, freestyle, fotograf\u00eda, pintura\/dibujo, cuento, poes\u00eda, videominuto y danza (pareja); y en el caso de Adultos Mayores lo har\u00e1n en canto solista, fotograf\u00eda, pintura\/dibujo, cuento, poes\u00eda, danza y teatro unipersonal. Se incorpor\u00f3 adem\u00e1s una categor\u00eda para personas con discapacidad en la disciplina de fotograf\u00eda y teatro unipersonal, para j\u00f3venes de 12 a 18 a\u00f1os.<\/p>\n\n\n\n<p><strong>Selectivo de Capital<\/strong><\/p>\n\n\n\n<p>Los capitalinos interesados en participar de los Juegos Culturales Correntinos 2022 tendr\u00e1n tiempo de anotarse hasta el lunes 26 de junio. Deber\u00e1n pedir el reglamento al correo&nbsp;<a href=\"mailto:juegoscorrentinos@gmail.com\" target=\"_blank\" rel=\"noreferrer noopener\">juegoscorrentinos@gmail.com<\/a>&nbsp;y para m\u00e1s informaci\u00f3n podr\u00e1n comunicarse al 379 4224720 o al 379 4559413 (de lunes a viernes, de 8 a 14).<\/p>\n\n\n\n<p>El selectivo se llevar\u00e1 adelante el viernes 30 de junio, a partir de las 9, en el Museo de Artesan\u00edas Tradicionales ubicado en la esquina de Salta y Quintana.<\/p>\n\n\n\n<p>En el caso de las disciplinas de cuento, poes\u00eda, videominuto, deber\u00e1n enviar el trabajo al correo mencionado, y quienes participen por pintura\/dibujo, historieta y fotograf\u00eda, acercar su trabajo (listo para colgar) a las oficinas de la Direcci\u00f3n de Relaciones Institucionales del Instituto de Cultura (San Juan 546). En estos casos, tambi\u00e9n tienen tiempo de hacerlo hasta el lunes 26.<\/p>\n\n\n\n<p>Cabe recordar que en el resto de la provincia tambi\u00e9n est\u00e1 abierta la inscripci\u00f3n para sus respectivos selectivos municipales. Los interesados deben acercarse a las direcciones de cultura de sus comunas.<\/p>\n\n\n\n<p><strong>Instancias<\/strong><\/p>\n\n\n\n<p>Los seleccionados en las instancias municipales llegar\u00e1n a las etapas zonales que tendr\u00e1n lugar del 7 de julio al 3 de agosto, en las sedes de Ramada Paso, Gobernador Mart\u00ednez, Goya, Curuz\u00fa Cuati\u00e1 y Gobernador Virasoro.<\/p>\n\n\n\n<p>La final provincial se llevar\u00e1 adelante el 11 de agosto y los ganadores representar\u00e1n a Corrientes en los Juegos Nacionales Evita, a desarrollarse en la ciudad de Mar del Plata, del 25 al 30 de septiembre, y en el Encuentro Nacional de Adultos Mayores, del 11 al 15 de septiembre, en Las Termas de R\u00edo Hondo en Santiago del Estero.<\/p>\n\n\n\n<p>Cabe se\u00f1alar que, debido al crecimiento del programa, desde el a\u00f1o 2012 la instancia provincial de los Juegos Culturales es una Sub Sede del Certamen Pre Fiesta Nacional del Chamam\u00e9 y varios de los j\u00f3venes que fueron seleccionados han ganado la Gran Final y se consagraron Revelaci\u00f3n de la Fiesta Nacional del Chamam\u00e9.<\/p>\n\n\n\n<p>La convocatoria para formar parte de los Juegos Culturales Correntinos 2023, organizados por el Instituto de Cultura de Corrientes, est\u00e1 abierta en toda la provincia. En el caso de los capitalinos, el selectivo se llevar\u00e1 adelante el viernes 30 de junio, a las 9, en el Museo de Artesan\u00edas Tradicionales (MAT).<\/p>\n\n\n\n<p>Pueden participar j\u00f3venes de 12 a 18 a\u00f1os, adultos mayores y personas con discapacidad (12 a 18 a\u00f1os) en las disciplinas: canto solista, danza (individual y pareja), conjunto musical, teatro (unipersonal y grupal), dibujo\/pintura, cuento, poes\u00eda, fotograf\u00eda, historieta, videominuto y freestyle.<\/p>\n\n\n\n<p>Los participantes que sean de Capital, tendr\u00e1n tiempo de anotarse hasta el lunes 26 de junio, y para ello deben solicitar el reglamento al correo juegoscorrentinos@gmail.com<\/p>\n\n\n\n<p>Este programa provincial est\u00e1 destinado a j\u00f3venes de 12 a 18 a\u00f1os y a adultos mayores (m\u00e1s de 60 a\u00f1os) de toda la provincia, en distintas categor\u00edas art\u00edsticas. Este a\u00f1o, divididos en las categor\u00edas: Sub 15 (de 12 a 15 a\u00f1os al 31 de diciembre de 2023); Sub 18 (de 15 a 18 a\u00f1os al 31 de diciembre de 2023), Categor\u00eda \u00danica (de 12 a 18 a\u00f1os al 31 de diciembre de 2023) y adultos mayores de 60 a\u00f1os.<\/p>\n\n\n\n<p>Quienes se sumen a los Juegos Culturales Correntinos, competir\u00e1n en una de las siguientes disciplinas: en la categor\u00eda \u00fanica (12 a 18 a\u00f1os) lo har\u00e1n en conjunto musical, teatro grupal, teatro unipersonal, historieta y danza libre; en las categor\u00edas Sub 15 y Sub 18 en canto solista, freestyle, fotograf\u00eda, pintura\/dibujo, cuento, poes\u00eda, videominuto y danza (pareja); y en el caso de Adultos Mayores lo har\u00e1n en canto solista, fotograf\u00eda, pintura\/dibujo, cuento, poes\u00eda, danza y teatro unipersonal. Se incorpor\u00f3 adem\u00e1s una categor\u00eda para personas con discapacidad en la disciplina de fotograf\u00eda y teatro unipersonal, para j\u00f3venes de 12 a 18 a\u00f1os.<\/p>\n\n\n\n<p>Selectivo de Capital<\/p>\n\n\n\n<p>Los capitalinos interesados en participar de los Juegos Culturales Correntinos 2022 tendr\u00e1n tiempo de anotarse hasta el lunes 26 de junio. Deber\u00e1n pedir el reglamento al correo juegoscorrentinos@gmail.com y para m\u00e1s informaci\u00f3n podr\u00e1n comunicarse al 379 4224720 o al 379 4559413 (de lunes a viernes, de 8 a 14).<\/p>\n\n\n\n<p>El selectivo se llevar\u00e1 adelante el viernes 30 de junio, a partir de las 9, en el Museo de Artesan\u00edas Tradicionales ubicado en la esquina de Salta y Quintana.<\/p>\n\n\n\n<p>En el caso de las disciplinas de cuento, poes\u00eda, videominuto, deber\u00e1n enviar el trabajo al correo mencionado, y quienes participen por pintura\/dibujo, historieta y fotograf\u00eda, acercar su trabajo (listo para colgar) a las oficinas de la Direcci\u00f3n de Relaciones Institucionales del Instituto de Cultura (San Juan 546). En estos casos, tambi\u00e9n tienen tiempo de hacerlo hasta el lunes 26.<\/p>\n\n\n\n<p>Cabe recordar que en el resto de la provincia tambi\u00e9n est\u00e1 abierta la inscripci\u00f3n para sus respectivos selectivos municipales. Los interesados deben acercarse a las direcciones de cultura de sus comunas.<\/p>\n\n\n\n<p>Instancias<\/p>\n\n\n\n<p>Los seleccionados en las instancias municipales llegar\u00e1n a las etapas zonales que tendr\u00e1n lugar del 7 de julio al 3 de agosto, en las sedes de Ramada Paso, Gobernador Mart\u00ednez, Goya, Curuz\u00fa Cuati\u00e1 y Gobernador Virasoro.<\/p>\n\n\n\n<p>La final provincial se llevar\u00e1 adelante el 11 de agosto y los ganadores representar\u00e1n a Corrientes en los Juegos Nacionales Evita, a desarrollarse en la ciudad de Mar del Plata, del 25 al 30 de septiembre, y en el Encuentro Nacional de Adultos Mayores, del 11 al 15 de septiembre, en Las Termas de R\u00edo Hondo en Santiago del Estero.<\/p>\n\n\n\n<p>Cabe se\u00f1alar que, debido al crecimiento del programa, desde el a\u00f1o 2012 la instancia provincial de los Juegos Culturales es una Sub Sede del Certamen Pre Fiesta Nacional del Chamam\u00e9 y varios de los j\u00f3venes que fueron seleccionados han ganado la Gran Final y se consagraron Revelaci\u00f3n de la Fiesta Nacional del Chamam\u00e9.<\/p>\n\n\n\n<figure class=\"wp-block-image size-large\"><img loading=\"lazy\" decoding=\"async\" width=\"819\" height=\"1024\" src=\"https:\/\/corrientesdetarde.com\/wp-content\/uploads\/2023\/06\/image-361-819x1024.png\" alt=\"\" class=\"wp-image-67048\" srcset=\"https:\/\/corrientesdetarde.com\/wp-content\/uploads\/2023\/06\/image-361-819x1024.png 819w, https:\/\/corrientesdetarde.com\/wp-content\/uploads\/2023\/06\/image-361-240x300.png 240w, https:\/\/corrientesdetarde.com\/wp-content\/uploads\/2023\/06\/image-361-768x960.png 768w, https:\/\/corrientesdetarde.com\/wp-content\/uploads\/2023\/06\/image-361.png 1080w\" sizes=\"auto, (max-width: 819px) 100vw, 819px\" \/><\/figure>\n\n\n\n<figure class=\"wp-block-image size-full\"><img loading=\"lazy\" decoding=\"async\" width=\"690\" height=\"388\" src=\"https:\/\/corrientesdetarde.com\/wp-content\/uploads\/2023\/06\/image-362.png\" alt=\"\" class=\"wp-image-67049\" srcset=\"https:\/\/corrientesdetarde.com\/wp-content\/uploads\/2023\/06\/image-362.png 690w, https:\/\/corrientesdetarde.com\/wp-content\/uploads\/2023\/06\/image-362-300x169.png 300w\" sizes=\"auto, (max-width: 690px) 100vw, 690px\" \/><\/figure>\n","protected":false},"excerpt":{"rendered":"<p>Juegos Culturales Correntinos: el selectivo de Capital se realizar\u00e1 el 30 de junio La convocatoria para formar parte de los Juegos Culturales Correntinos 2023, organizados por el Instituto de Cultura&hellip; <\/p>\n","protected":false},"author":8,"featured_media":67050,"comment_status":"closed","ping_status":"open","sticky":false,"template":"","format":"standard","meta":{"footnotes":""},"categories":[4,22],"tags":[],"class_list":["post-67047","post","type-post","status-publish","format-standard","has-post-thumbnail","hentry","category-deportes","category-eventos"],"_links":{"self":[{"href":"https:\/\/corrientesdetarde.com\/index.php\/wp-json\/wp\/v2\/posts\/67047","targetHints":{"allow":["GET"]}}],"collection":[{"href":"https:\/\/corrientesdetarde.com\/index.php\/wp-json\/wp\/v2\/posts"}],"about":[{"href":"https:\/\/corrientesdetarde.com\/index.php\/wp-json\/wp\/v2\/types\/post"}],"author":[{"embeddable":true,"href":"https:\/\/corrientesdetarde.com\/index.php\/wp-json\/wp\/v2\/users\/8"}],"replies":[{"embeddable":true,"href":"https:\/\/corrientesdetarde.com\/index.php\/wp-json\/wp\/v2\/comments?post=67047"}],"version-history":[{"count":1,"href":"https:\/\/corrientesdetarde.com\/index.php\/wp-json\/wp\/v2\/posts\/67047\/revisions"}],"predecessor-version":[{"id":67051,"href":"https:\/\/corrientesdetarde.com\/index.php\/wp-json\/wp\/v2\/posts\/67047\/revisions\/67051"}],"wp:featuredmedia":[{"embeddable":true,"href":"https:\/\/corrientesdetarde.com\/index.php\/wp-json\/wp\/v2\/media\/67050"}],"wp:attachment":[{"href":"https:\/\/corrientesdetarde.com\/index.php\/wp-json\/wp\/v2\/media?parent=67047"}],"wp:term":[{"taxonomy":"category","embeddable":true,"href":"https:\/\/corrientesdetarde.com\/index.php\/wp-json\/wp\/v2\/categories?post=67047"},{"taxonomy":"post_tag","embeddable":true,"href":"https:\/\/corrientesdetarde.com\/index.php\/wp-json\/wp\/v2\/tags?post=67047"}],"curies":[{"name":"wp","href":"https:\/\/api.w.org\/{rel}","templated":true}]}}