{"id":67111,"date":"2023-06-13T18:01:28","date_gmt":"2023-06-13T21:01:28","guid":{"rendered":"https:\/\/corrientesdetarde.com\/?p=67111"},"modified":"2023-06-13T18:01:30","modified_gmt":"2023-06-13T21:01:30","slug":"mburucuya-celebro-sus-fiestas-patronales","status":"publish","type":"post","link":"https:\/\/corrientesdetarde.com\/index.php\/locales\/mburucuya-celebro-sus-fiestas-patronales\/","title":{"rendered":"Mburucuy\u00e1 celebr\u00f3 sus fiestas patronales"},"content":{"rendered":"\n<p>Braillard Poccard: &#8220;Las fiestas patronales unen a la comunidad y son la esencia de los pueblos&#8221;<\/p>\n\n\n\n<p>El vicegobernador de la provincia, Pedro Braillard Poccard, en representaci\u00f3n del gobierno provincial, junto al Intendente de Mburucuy\u00e1, Pablo Guastavino encabezaron la celebraci\u00f3n patronal en honor a San Antonio de Padua.<br>\u201cEste es uno de los eventos m\u00e1s significativos del a\u00f1o para la comunidad de Mburucuy\u00e1. La esencia es este pueblo que cree y le una gran importancia a esta celebraci\u00f3n, que se convierte en una gran fiesta popular. Por ello acompa\u00f1amos este momento significativo para los mburucuyanos\u201d, expres\u00f3 el vicegobernador.<\/p>\n\n\n\n<figure class=\"wp-block-image size-large\"><img loading=\"lazy\" decoding=\"async\" width=\"1024\" height=\"683\" src=\"https:\/\/corrientesdetarde.com\/wp-content\/uploads\/2023\/06\/WhatsApp-Image-2023-06-13-at-17.59.04-1024x683.jpg\" alt=\"\" class=\"wp-image-67112\" srcset=\"https:\/\/corrientesdetarde.com\/wp-content\/uploads\/2023\/06\/WhatsApp-Image-2023-06-13-at-17.59.04-1024x683.jpg 1024w, https:\/\/corrientesdetarde.com\/wp-content\/uploads\/2023\/06\/WhatsApp-Image-2023-06-13-at-17.59.04-300x200.jpg 300w, https:\/\/corrientesdetarde.com\/wp-content\/uploads\/2023\/06\/WhatsApp-Image-2023-06-13-at-17.59.04-768x512.jpg 768w, https:\/\/corrientesdetarde.com\/wp-content\/uploads\/2023\/06\/WhatsApp-Image-2023-06-13-at-17.59.04-1536x1024.jpg 1536w, https:\/\/corrientesdetarde.com\/wp-content\/uploads\/2023\/06\/WhatsApp-Image-2023-06-13-at-17.59.04-272x182.jpg 272w, https:\/\/corrientesdetarde.com\/wp-content\/uploads\/2023\/06\/WhatsApp-Image-2023-06-13-at-17.59.04.jpg 1599w\" sizes=\"auto, (max-width: 1024px) 100vw, 1024px\" \/><\/figure>\n\n\n\n<p><br>Por su parte el Intendente de la localidad, Pablo Guastavino subray\u00f3: \u201cestamos viviendo una de las fiestas m\u00e1s importantes del a\u00f1o, que une a las familias no s\u00f3lo de Mburucuy\u00e1, sino de lugares cercanos que participan de diferentes maneras\u201d. Y agreg\u00f3: &#8220;Con el correr de los a\u00f1os, la fiesta ha ido motorizando al turismo y genera un movimiento econ\u00f3mico muy importante para la ciudad&#8221;.<br>Presidi\u00f3 la Santa Misa, el arzobispo Andr\u00e9s Stanovnik. Asistieron a la celebraci\u00f3n el Ministro de Seguridad, Dr, Buenaventura Duarte, funcionarios municipales, fuerzas de seguridad, y toda la comunidad, que se acerca con sus im\u00e1genes, as\u00ed como los fieles de pueblos y capillas vecinas.<br>Braillard Poccard hizo extensivo el saludo a todas las localidades correntinas que est\u00e1n bajo el patronazgo de San Antonio de Padua: San Antonio de Itat\u00ed, (cabecera del departamento Ber\u00f3n de Astrada), Ramada Paso, Colonia 3 de Abril, Yatayti Calle, Carolina, Gobernador Virasoro y Mariano\u00a0I.\u00a0Loza.<\/p>\n\n\n\n<figure class=\"wp-block-image size-large\"><img loading=\"lazy\" decoding=\"async\" width=\"1024\" height=\"683\" src=\"https:\/\/corrientesdetarde.com\/wp-content\/uploads\/2023\/06\/WhatsApp-Image-2023-06-13-at-17.59.04-1-1024x683.jpg\" alt=\"\" class=\"wp-image-67113\" srcset=\"https:\/\/corrientesdetarde.com\/wp-content\/uploads\/2023\/06\/WhatsApp-Image-2023-06-13-at-17.59.04-1-1024x683.jpg 1024w, https:\/\/corrientesdetarde.com\/wp-content\/uploads\/2023\/06\/WhatsApp-Image-2023-06-13-at-17.59.04-1-300x200.jpg 300w, https:\/\/corrientesdetarde.com\/wp-content\/uploads\/2023\/06\/WhatsApp-Image-2023-06-13-at-17.59.04-1-768x512.jpg 768w, https:\/\/corrientesdetarde.com\/wp-content\/uploads\/2023\/06\/WhatsApp-Image-2023-06-13-at-17.59.04-1-1536x1024.jpg 1536w, https:\/\/corrientesdetarde.com\/wp-content\/uploads\/2023\/06\/WhatsApp-Image-2023-06-13-at-17.59.04-1-272x182.jpg 272w, https:\/\/corrientesdetarde.com\/wp-content\/uploads\/2023\/06\/WhatsApp-Image-2023-06-13-at-17.59.04-1.jpg 1599w\" sizes=\"auto, (max-width: 1024px) 100vw, 1024px\" \/><\/figure>\n","protected":false},"excerpt":{"rendered":"<p>Braillard Poccard: &#8220;Las fiestas patronales unen a la comunidad y son la esencia de los pueblos&#8221; El vicegobernador de la provincia, Pedro Braillard Poccard, en representaci\u00f3n del gobierno provincial, junto&hellip; <\/p>\n","protected":false},"author":1,"featured_media":67114,"comment_status":"closed","ping_status":"open","sticky":false,"template":"","format":"standard","meta":{"footnotes":""},"categories":[8],"tags":[],"class_list":["post-67111","post","type-post","status-publish","format-standard","has-post-thumbnail","hentry","category-locales"],"_links":{"self":[{"href":"https:\/\/corrientesdetarde.com\/index.php\/wp-json\/wp\/v2\/posts\/67111","targetHints":{"allow":["GET"]}}],"collection":[{"href":"https:\/\/corrientesdetarde.com\/index.php\/wp-json\/wp\/v2\/posts"}],"about":[{"href":"https:\/\/corrientesdetarde.com\/index.php\/wp-json\/wp\/v2\/types\/post"}],"author":[{"embeddable":true,"href":"https:\/\/corrientesdetarde.com\/index.php\/wp-json\/wp\/v2\/users\/1"}],"replies":[{"embeddable":true,"href":"https:\/\/corrientesdetarde.com\/index.php\/wp-json\/wp\/v2\/comments?post=67111"}],"version-history":[{"count":1,"href":"https:\/\/corrientesdetarde.com\/index.php\/wp-json\/wp\/v2\/posts\/67111\/revisions"}],"predecessor-version":[{"id":67115,"href":"https:\/\/corrientesdetarde.com\/index.php\/wp-json\/wp\/v2\/posts\/67111\/revisions\/67115"}],"wp:featuredmedia":[{"embeddable":true,"href":"https:\/\/corrientesdetarde.com\/index.php\/wp-json\/wp\/v2\/media\/67114"}],"wp:attachment":[{"href":"https:\/\/corrientesdetarde.com\/index.php\/wp-json\/wp\/v2\/media?parent=67111"}],"wp:term":[{"taxonomy":"category","embeddable":true,"href":"https:\/\/corrientesdetarde.com\/index.php\/wp-json\/wp\/v2\/categories?post=67111"},{"taxonomy":"post_tag","embeddable":true,"href":"https:\/\/corrientesdetarde.com\/index.php\/wp-json\/wp\/v2\/tags?post=67111"}],"curies":[{"name":"wp","href":"https:\/\/api.w.org\/{rel}","templated":true}]}}