{"id":67156,"date":"2023-06-13T22:13:11","date_gmt":"2023-06-14T01:13:11","guid":{"rendered":"https:\/\/corrientesdetarde.com\/?p=67156"},"modified":"2023-06-13T22:13:13","modified_gmt":"2023-06-14T01:13:13","slug":"este-miercoles-se-normaliza-el-servicio-de-transporte-urbano","status":"publish","type":"post","link":"https:\/\/corrientesdetarde.com\/index.php\/locales\/este-miercoles-se-normaliza-el-servicio-de-transporte-urbano\/","title":{"rendered":"Este mi\u00e9rcoles se normaliza el servicio de transporte urbano"},"content":{"rendered":"\n<p>Despu\u00e9s del paro de 24 horas este martes 13 de junio, ma\u00f1ana mi\u00e9rcoles volver\u00e1 a normalizarse el servicio de transporte de media y corta distancia en el interior del pa\u00eds.<\/p>\n\n\n\n<p>El compas de espera ser\u00e1 hasta las 13, cuando vuelvan a reunirse para definir c\u00f3mo continuar\u00e1 la situaci\u00f3n del sector en todo el pa\u00eds.<\/p>\n","protected":false},"excerpt":{"rendered":"<p>Despu\u00e9s del paro de 24 horas este martes 13 de junio, ma\u00f1ana mi\u00e9rcoles volver\u00e1 a normalizarse el servicio de transporte de media y corta distancia en el interior del pa\u00eds.&hellip; <\/p>\n","protected":false},"author":1,"featured_media":67157,"comment_status":"closed","ping_status":"open","sticky":false,"template":"","format":"standard","meta":{"footnotes":""},"categories":[8],"tags":[],"class_list":["post-67156","post","type-post","status-publish","format-standard","has-post-thumbnail","hentry","category-locales"],"_links":{"self":[{"href":"https:\/\/corrientesdetarde.com\/index.php\/wp-json\/wp\/v2\/posts\/67156","targetHints":{"allow":["GET"]}}],"collection":[{"href":"https:\/\/corrientesdetarde.com\/index.php\/wp-json\/wp\/v2\/posts"}],"about":[{"href":"https:\/\/corrientesdetarde.com\/index.php\/wp-json\/wp\/v2\/types\/post"}],"author":[{"embeddable":true,"href":"https:\/\/corrientesdetarde.com\/index.php\/wp-json\/wp\/v2\/users\/1"}],"replies":[{"embeddable":true,"href":"https:\/\/corrientesdetarde.com\/index.php\/wp-json\/wp\/v2\/comments?post=67156"}],"version-history":[{"count":1,"href":"https:\/\/corrientesdetarde.com\/index.php\/wp-json\/wp\/v2\/posts\/67156\/revisions"}],"predecessor-version":[{"id":67158,"href":"https:\/\/corrientesdetarde.com\/index.php\/wp-json\/wp\/v2\/posts\/67156\/revisions\/67158"}],"wp:featuredmedia":[{"embeddable":true,"href":"https:\/\/corrientesdetarde.com\/index.php\/wp-json\/wp\/v2\/media\/67157"}],"wp:attachment":[{"href":"https:\/\/corrientesdetarde.com\/index.php\/wp-json\/wp\/v2\/media?parent=67156"}],"wp:term":[{"taxonomy":"category","embeddable":true,"href":"https:\/\/corrientesdetarde.com\/index.php\/wp-json\/wp\/v2\/categories?post=67156"},{"taxonomy":"post_tag","embeddable":true,"href":"https:\/\/corrientesdetarde.com\/index.php\/wp-json\/wp\/v2\/tags?post=67156"}],"curies":[{"name":"wp","href":"https:\/\/api.w.org\/{rel}","templated":true}]}}