{"id":67302,"date":"2023-06-14T14:10:32","date_gmt":"2023-06-14T17:10:32","guid":{"rendered":"https:\/\/corrientesdetarde.com\/?p=67302"},"modified":"2023-06-14T14:10:36","modified_gmt":"2023-06-14T17:10:36","slug":"la-municipalidad-realizara-latercera-fecha-de-las-maratones-barriales","status":"publish","type":"post","link":"https:\/\/corrientesdetarde.com\/index.php\/deportes\/la-municipalidad-realizara-latercera-fecha-de-las-maratones-barriales\/","title":{"rendered":"<strong>La Municipalidad realizar\u00e1 la<br>tercera fecha de las Maratones Barriales<\/strong>"},"content":{"rendered":"\n<p><em>Tendr\u00e1 lugar este s\u00e1bado, desde las 16, en el barrio Laguna Seca. Se correr\u00e1 en dos modalidades: participativo (2km) y competitivo (5km). Para informes e inscripci\u00f3n los interesados deber\u00e1n ingresar al link:\u00a0<a href=\"https:\/\/ciudaddecorrientes.us12.list-manage.com\/track\/click?u=253e4bcff71216c6af771c3c9&amp;id=e3daaf9409&amp;e=17643edfa8\" target=\"_blank\" rel=\"noreferrer noopener\">www.xurl.es\/maratonesbarriales<\/a><\/em><\/p>\n\n\n\n<p>La Municipalidad de Corrientes realizar\u00e1 este s\u00e1bado la tercera fecha de las Maratones Barriales en el barrio Laguna Seca. Las inscripciones est\u00e1n abiertas hasta el jueves al mediod\u00eda en el link:&nbsp;<a href=\"https:\/\/ciudaddecorrientes.us12.list-manage.com\/track\/click?u=253e4bcff71216c6af771c3c9&amp;id=436b268d9e&amp;e=17643edfa8\" target=\"_blank\" rel=\"noreferrer noopener\">www.xurl.es\/maratonesbarriales<\/a><\/p>\n\n\n\n<p>Se trata de una acci\u00f3n que es organizada por la secretar\u00eda de Turismo y Deportes con el objetivo de promover la actividad f\u00edsica saludable y que se desarrollar\u00e1 a lo largo del a\u00f1o, en un total de 8 competencias.<\/p>\n\n\n\n<p>El secretario de Turismo y Deportes, Juan Enrique Braillard Poccard, resalt\u00f3 que las Maratones Barriales \u201cpromueven la actividad deportiva, la participaci\u00f3n familiar y la inclusi\u00f3n de los j\u00f3venes\u201d.<\/p>\n\n\n\n<p>Adem\u00e1s, el funcionario se\u00f1al\u00f3 que estas acciones llevadas adelante por la Municipalidad en diferentes barrios de la ciudad, permite que \u201clos vecinos encuentren una alternativa de distracci\u00f3n y preparaci\u00f3n para otras competencias\u201d.<\/p>\n\n\n\n<p>COMPETENCIA<\/p>\n\n\n\n<p>Las pruebas pedestres se realizar\u00e1n a partir de las 16 con la largada que ser\u00e1 en las inmediaciones de la plaza San Pantale\u00f3n del barrio, ubicada por las calles Pit\u00e1goras y Las Piedras.<br><br>Podr\u00e1n participar de las pruebas, previstas en las distancias de 2 km (participativo) y de 5km (competitivo), todas aquellas personas que completen el formulario de inscripci\u00f3n e informaci\u00f3n que se puede encontrar en el link:&nbsp;<a href=\"https:\/\/ciudaddecorrientes.us12.list-manage.com\/track\/click?u=253e4bcff71216c6af771c3c9&amp;id=4f0e160c60&amp;e=17643edfa8\" target=\"_blank\" rel=\"noreferrer noopener\">www.xurl.es\/maratonesbarriales<\/a><br><br>CATEGOR\u00cdAS, RECORRIDO Y PREMIOS<\/p>\n\n\n\n<p>En la distancia de 2km habr\u00e1 una sola categor\u00eda (sin distinci\u00f3n de edad, dividida \u00fanicamente por sexo), mientras que en la modalidad competitiva de 5km, las categor\u00edas se dividir\u00e1n por edades y sexo en: de 14 a 17 a\u00f1os; de 18 a 29; de 30 a 39; de 40 a 49; de 50 a 59; y de 60 a\u00f1os o m\u00e1s.<br><br>El recorrido iniciar\u00e1 frente a la plaza San Pantale\u00f3n, y tendr\u00e1 lugar por las siguientes arterias: Pit\u00e1goras, Medrano, Cartagena, Resoagli y regreso por Pit\u00e1goras, hasta la plaza.<\/p>\n\n\n\n<p>Se otorgar\u00e1n premios a los tres primeros de cada categor\u00eda y sexo, tanto de la modalidad participativa como de la competitiva.<br><br>INSCRIPCIONES<\/p>\n\n\n\n<p>Las inscripciones se encuentran abiertas hasta este jueves 15 de junio a trav\u00e9s de la modalidad online.<br><br>Desde la organizaci\u00f3n se aclar\u00f3 que no habr\u00e1 inscripci\u00f3n presencial, solo ratificaci\u00f3n de la inscripci\u00f3n online y entrega del n\u00famero correspondiente, con plazo l\u00edmite hasta media hora antes del inicio de la prueba en la zona de la largada.<br><br>CRONOGRAMA ANUAL<br>Las siguientes fechas previstas de las Maratones Barriales 2023 son las siguientes:<\/p>\n\n\n\n<p>19 de agosto: barrio Molina Punta<\/p>\n\n\n\n<p>16 de septiembre: barrio Independencia<\/p>\n\n\n\n<p>14 de octubre: barrio San Ger\u00f3nimo<\/p>\n\n\n\n<p>18 de noviembre: avenida Costanera<\/p>\n\n\n\n<figure class=\"wp-block-image size-full\"><img loading=\"lazy\" decoding=\"async\" width=\"848\" height=\"565\" src=\"https:\/\/corrientesdetarde.com\/wp-content\/uploads\/2023\/06\/image-417.png\" alt=\"\" class=\"wp-image-67303\" srcset=\"https:\/\/corrientesdetarde.com\/wp-content\/uploads\/2023\/06\/image-417.png 848w, https:\/\/corrientesdetarde.com\/wp-content\/uploads\/2023\/06\/image-417-300x200.png 300w, https:\/\/corrientesdetarde.com\/wp-content\/uploads\/2023\/06\/image-417-768x512.png 768w, https:\/\/corrientesdetarde.com\/wp-content\/uploads\/2023\/06\/image-417-272x182.png 272w\" sizes=\"auto, (max-width: 848px) 100vw, 848px\" \/><\/figure>\n\n\n\n<figure class=\"wp-block-image size-full\"><img loading=\"lazy\" decoding=\"async\" width=\"848\" height=\"565\" src=\"https:\/\/corrientesdetarde.com\/wp-content\/uploads\/2023\/06\/image-418.png\" alt=\"\" class=\"wp-image-67304\" srcset=\"https:\/\/corrientesdetarde.com\/wp-content\/uploads\/2023\/06\/image-418.png 848w, https:\/\/corrientesdetarde.com\/wp-content\/uploads\/2023\/06\/image-418-300x200.png 300w, https:\/\/corrientesdetarde.com\/wp-content\/uploads\/2023\/06\/image-418-768x512.png 768w, https:\/\/corrientesdetarde.com\/wp-content\/uploads\/2023\/06\/image-418-272x182.png 272w\" sizes=\"auto, (max-width: 848px) 100vw, 848px\" \/><\/figure>\n\n\n\n<figure class=\"wp-block-image size-full\"><img loading=\"lazy\" decoding=\"async\" width=\"848\" height=\"565\" src=\"https:\/\/corrientesdetarde.com\/wp-content\/uploads\/2023\/06\/image-419.png\" alt=\"\" class=\"wp-image-67305\" srcset=\"https:\/\/corrientesdetarde.com\/wp-content\/uploads\/2023\/06\/image-419.png 848w, https:\/\/corrientesdetarde.com\/wp-content\/uploads\/2023\/06\/image-419-300x200.png 300w, https:\/\/corrientesdetarde.com\/wp-content\/uploads\/2023\/06\/image-419-768x512.png 768w, https:\/\/corrientesdetarde.com\/wp-content\/uploads\/2023\/06\/image-419-272x182.png 272w\" sizes=\"auto, (max-width: 848px) 100vw, 848px\" \/><\/figure>\n","protected":false},"excerpt":{"rendered":"<p>Tendr\u00e1 lugar este s\u00e1bado, desde las 16, en el barrio Laguna Seca. Se correr\u00e1 en dos modalidades: participativo (2km) y competitivo (5km). Para informes e inscripci\u00f3n los interesados deber\u00e1n ingresar&hellip; <\/p>\n","protected":false},"author":8,"featured_media":67306,"comment_status":"closed","ping_status":"open","sticky":false,"template":"","format":"standard","meta":{"footnotes":""},"categories":[4],"tags":[],"class_list":["post-67302","post","type-post","status-publish","format-standard","has-post-thumbnail","hentry","category-deportes"],"_links":{"self":[{"href":"https:\/\/corrientesdetarde.com\/index.php\/wp-json\/wp\/v2\/posts\/67302","targetHints":{"allow":["GET"]}}],"collection":[{"href":"https:\/\/corrientesdetarde.com\/index.php\/wp-json\/wp\/v2\/posts"}],"about":[{"href":"https:\/\/corrientesdetarde.com\/index.php\/wp-json\/wp\/v2\/types\/post"}],"author":[{"embeddable":true,"href":"https:\/\/corrientesdetarde.com\/index.php\/wp-json\/wp\/v2\/users\/8"}],"replies":[{"embeddable":true,"href":"https:\/\/corrientesdetarde.com\/index.php\/wp-json\/wp\/v2\/comments?post=67302"}],"version-history":[{"count":1,"href":"https:\/\/corrientesdetarde.com\/index.php\/wp-json\/wp\/v2\/posts\/67302\/revisions"}],"predecessor-version":[{"id":67307,"href":"https:\/\/corrientesdetarde.com\/index.php\/wp-json\/wp\/v2\/posts\/67302\/revisions\/67307"}],"wp:featuredmedia":[{"embeddable":true,"href":"https:\/\/corrientesdetarde.com\/index.php\/wp-json\/wp\/v2\/media\/67306"}],"wp:attachment":[{"href":"https:\/\/corrientesdetarde.com\/index.php\/wp-json\/wp\/v2\/media?parent=67302"}],"wp:term":[{"taxonomy":"category","embeddable":true,"href":"https:\/\/corrientesdetarde.com\/index.php\/wp-json\/wp\/v2\/categories?post=67302"},{"taxonomy":"post_tag","embeddable":true,"href":"https:\/\/corrientesdetarde.com\/index.php\/wp-json\/wp\/v2\/tags?post=67302"}],"curies":[{"name":"wp","href":"https:\/\/api.w.org\/{rel}","templated":true}]}}