{"id":67315,"date":"2023-06-14T14:34:24","date_gmt":"2023-06-14T17:34:24","guid":{"rendered":"https:\/\/corrientesdetarde.com\/?p=67315"},"modified":"2023-06-14T14:34:27","modified_gmt":"2023-06-14T17:34:27","slug":"en-el-dia-mundial-del-donante-de-sangre-tassano-destaco-la-accion-altruista-y-solidaria-que-salva-vidas","status":"publish","type":"post","link":"https:\/\/corrientesdetarde.com\/index.php\/locales\/en-el-dia-mundial-del-donante-de-sangre-tassano-destaco-la-accion-altruista-y-solidaria-que-salva-vidas\/","title":{"rendered":"En el D\u00eda Mundial del Donante de Sangre, Tassano destac\u00f3 la acci\u00f3n altruista y solidaria que salva vidas"},"content":{"rendered":"\n<p><em>\u201cEsta es una ciudad y una provincia que est\u00e1n muy comprometidas con la salud de sus habitantes y esta instituci\u00f3n es todo un s\u00edmbolo de Corrientes: donar sangre es donar vida\u201d, resalt\u00f3 el intendente al participar de la ceremonia por la fecha realizada en el Banco de Sangre \u201cDr. Luciano Pisarello\u201d, junto con el vicegobernador Pedro Braillard Poccard y dem\u00e1s autoridades provinciales y de instituciones del medio.<\/em><\/p>\n\n\n\n<p>En el D\u00eda Mundial de Donante Voluntario de Sangre, el intendente Eduardo Tassano particip\u00f3 del acto conmemorativo llevado a cabo este mi\u00e9rcoles en el edificio del Banco de Sangre \u201cDr. Luciano Pisarello\u201d, en que se destac\u00f3 la importancia de esta labor solidaria y su expansi\u00f3n como acci\u00f3n voluntaria en beneficio de toda la sociedad.<br>Tassano particip\u00f3 junto con el vicegobernador Pedro Braillard Poccard; el presidente de la C\u00e1mara de Diputados, Pedro Cassani; el viceintendente, Emilio Lanari; la subsecretaria de Gesti\u00f3n Sanitaria del Ministerio de Salud P\u00fablica, Silvina Vega; directivos de hospitales y la directora del Banco de Sangre Central \u201cDr. Luciano Pisarello\u201d, Carolina Arom\u00ed, a quien el intendente tambi\u00e9n felicit\u00f3 al cumplir siete a\u00f1os al frente de la entidad anfitriona.<br>Adem\u00e1s, estuvieron el director del Centro Unico Coordinador de Ablaciones e Implantes de la Provincia de Corrientes (Cucaicor), H\u00e9ctor Alvarez; legisladores, concejales y funcionarios provinciales y municipales; integrantes de la entidad anfitriona y miembros de la cooperadora y la fundaci\u00f3n Banco de Sangre de Corrientes (Bansacor), entre otros invitados especiales.<br>El D\u00eda Mundial de Donante Voluntario de Sangre se estableci\u00f3 para agradecer a los donantes y concientizar sobre la necesidad de hacer donaciones regulares para garantizar la calidad, seguridad y disponibilidad de sangre y sus productos. Adem\u00e1s, se recuerda al prestigioso m\u00e9dico h\u00fangaro Karl Landsteiner, Premio Nobel de Medicina, quien descubri\u00f3 y tipific\u00f3 los tipos diferentes de sangre ABO.<br>En este marco, en la sede central del Banco de Sangre de Corrientes (en la esquina de calles C\u00f3rdoba y Moreno) se realiz\u00f3 el acto conmemorativo que fue declarado de Inter\u00e9s Municipal por las Municipalidad de la Ciudad de Corrientes, como tambi\u00e9n por la C\u00e1mara de Diputados y el Gobierno provincial.<br>Asimismo, se expresaron palabras de reconocimiento al primer director de la instituci\u00f3n, el doctor Luciano Pisarrello, cuyo nombre lleva la entidad.<br>\u00a0<br>TASSANO: \u201cES UN ORGULLO REGISTRAR TAN ALTOS NIVELES DE DONACI\u00d3N DE SANGRE\u201d<br>Durante el acto, el intendente destac\u00f3 a la instituci\u00f3n anfitriona por \u201csu coraz\u00f3n tan grande\u201d y luego mencion\u00f3 dos aspectos centrales que la caracterizan y de la labor que desarrollan en beneficio de la comunidad. \u201cEn primer lugar quiero expresar que una ciudad se construye con lo que \u2013fundamentalmente- los vecinos hacen, impulsan y crean. De esa interacci\u00f3n con los gobiernos surgen las grandes cosas que tiene una ciudad. Y sin dudas, este Banco de Sangre es una joya de Corrientes; es algo que nos distingue\u201d, asever\u00f3 Tassano.<br>\u201cTambi\u00e9n quiero destacar \u2013continu\u00f3- todo el trabajo y el impulso del Banco de Sangre y del Cucaicor tambi\u00e9n. Y como dec\u00eda Carolina (Arom\u00ed), es muy destacado el lugar que tenemos en el pa\u00eds como ciudad y provincia en cuanto a la donaci\u00f3n de sangre y \u00f3rganos\u201d.<br>Al respecto sostuvo que \u201cestos son dos hechos que enaltecen a una ciudad y provincia que est\u00e1n muy comprometidas con la salud de sus habitantes y de provincias vecinas. Y que tiene una importante organizaci\u00f3n desde el Gobierno provincial, con grandes hospitales p\u00fablicos y con mi querido Instituto de Cardiolog\u00eda\u201d.<br>Posteriormente, insisti\u00f3 en el importante rol que cumple el Banco de Sangre local y agradeci\u00f3 \u201cpor la labor que desarrollan para el prestigio sanitario de Corrientes\u201d, indic\u00f3 Tassano. \u201cEs una instituci\u00f3n muy prestigiosa que desde hace a\u00f1os trabaja para los correntinos y que realmente hoy es uno de los s\u00edmbolos que tiene la ciudad, con todo el trabajo que desarrollan. Tambi\u00e9n es un orgullo ser una de las principales ciudades del pa\u00eds con mayores niveles en cuanto a donaci\u00f3n de sangre\u201d, distingui\u00f3.<br>\u201cAc\u00e1 hay una gran labor del Gobierno provincial y nosotros, desde la Municipalidad, hacemos nuestro aporte y apoyo especial. Hay una pol\u00edtica sanitaria de la Provincia que hace que la accesibilidad a la salud sea destacable por dem\u00e1s\u201d, subray\u00f3.<br>Finamente, exhort\u00f3 a los vecinos a ser donantes: \u201cDonar sangre es donar vida\u201d, resalt\u00f3 Tassano.<br>\u00a0<br>LANARI: \u201cESTA INSTITUCI\u00d3N ES MODELO A NIVEL REGIONAL Y NACIONAL\u201d<br>A su turno, el viceintendente puso en relieve el trabajo cotidiano del Banco de Sangre y de quienes desinteresadamente se transforman en h\u00e9roes an\u00f3nimos por su acci\u00f3n desinteresada.<br>\u201cCreo que esta es una jornada especial en la que debemos destacar la cotidianeidad de la labor que se hace en el Banco de Sangre. Desde sus inicios, con el doctor Luciano Pisarello como impulsor, esta instituci\u00f3n es modelo a nivel regional y nacional\u201d, remarc\u00f3 Lanari y agreg\u00f3 al respecto que \u201clos donantes voluntarios son la otra parte fundamental de esta acci\u00f3n de invaluable valor\u201d.<br>\u00a0<br>HOMENAJE A RICARDO CABRERA<br>Lanari se refiri\u00f3 luego al trabajo incansable de la instituci\u00f3n durante la pandemia: \u201cEl Banco se afianz\u00f3 y dej\u00f3 en claro lo esencial de su aporte a la salud. Con un m\u00f3vil con el que se recorri\u00f3 toda la provincia, esta instituci\u00f3n sum\u00f3 miles de donante de plasma que sirvieron para salvar vidas\u201d, dijo.<br>Agreg\u00f3 adem\u00e1s que \u201ccomo sociedad, debemos agradecer la tarea impresionante que hace el Banco de Sangre, los donantes voluntarios, quienes aportaron su plasma y esos que dejaron su vida durante la pandemia como el t\u00e9cnico Ricardo Cabrera que falleci\u00f3 por Covid-19 trabajando para esta instituci\u00f3n\u201d.<br>Finalmente, Lanari valor\u00f3 el rol fundamental de hombres como Karl Landsteiner y del m\u00e9dico argentino Luis Agote, que hizo posible la conservaci\u00f3n de la sangre en estado l\u00edquido con citrato de sodio.<br>\u201cHay hechos fundamentales para destacar en una fecha tan significativa como esta, por ejemplo, a aquellos que como profesionales de salud tuvieron la visi\u00f3n para poder disponer hoy de este procedimiento; pero, adem\u00e1s, a esos voluntarios que d\u00eda a d\u00eda aportan para poder salvar vidas\u201d, remarc\u00f3 el viceintendente.<br>\u00a0<br>CEROLINA AROM\u00cd: \u201cES UNA JORNADA EN LA QUE DEBEMOS AGRADECER AL DONANTE\u201d<br>Por su parte, la directora del Banco de Sangre de Corrientes puso el acento en quienes hacen su aporte voluntario en una acci\u00f3n que consider\u00f3 \u201csolidaria y altruista\u201d.\u00a0\u00a0\u00a0<br>\u201cHoy es un d\u00eda fiesta para nosotros, una jornada en la que debemos destacar la labor de los profesionales de la salud y la de aquellos que donan desinteresadamente pensando en el pr\u00f3jimo\u201d, reconoci\u00f3 Carolina Arom\u00ed.<br>En ese sentido, agreg\u00f3 adem\u00e1s que \u201ces una jornada en la que debemos agradecer al donante, a esas personas tan necesarias, solidarias y altruistas que algo tan importante como su tiempo y esa gota de sangre que da esperanzas y salva vidas. Son 15 minutos de un procedimiento que pueda salvar a hasta cuatro vidas y devuelve la esperanza a toda una familia\u201d.<br>Arom\u00ed hizo referencia luego al trabajo articulado entre la instituci\u00f3n y Estado: \u201cSiempre destacamos que desde el Banco de Sangre o personalmente podemos tener muchas ideas, pero somos conscientes de lo fundamental que es poder contar con el apoyo de la Provincia y el Municipio para llevarlas a cabo\u201d, afirm\u00f3.<br>Durante el acto, la titular del Banco de Sangre tambi\u00e9n se\u00f1al\u00f3: \u201cHoy quiero brindar un especial homenaje a esas personas que se convierten en h\u00e9roes con tan solo 15 minutos de su tiempo aportados para donar sangre\u201d. A la vez agradeci\u00f3 el apoyo del Gobierno provincial, del gobernador Gustavo Vald\u00e9s, dem\u00e1s autoridades provinciales y \u201cal intendente Eduardo Tassano y a su maravilloso equipo de trabajo, como tambi\u00e9n al viceintendente Emilio Lanari, un amigo de la casa y que ha hecho tanto por este Banco de Sangre\u201d.<br>\u00a0<br>APOYO MUNICIPAL<br>Con frecuencia y a trav\u00e9s de una constante labor conjunta entre instituciones, la Municipalidad de la Ciudad de Corrientes se suma a las campa\u00f1as de donaci\u00f3n de sangre que se realiza en forma conjunta con el Banco de Sangre de Corrientes. As\u00ed, a principios de a\u00f1o se realiz\u00f3 en la Sociedad Espa\u00f1ola un encuentro bajo la consigna \u201cAyudanos a salvar vidas\u201d.<br>El Municipio forma parte de las m\u00e1s de 100 organizaciones que colaboran con las campa\u00f1as de donaci\u00f3n de sangre, en espacios alternativos al Banco de Sangre Central y, por ello, cada cuatro o seis meses, se invita a la comunidad a formar parte de esta actividad.<br>En esa oportunidad, se cont\u00f3 con la participaci\u00f3n y donaci\u00f3n de sangre de funcionarios, personal municipal y vecinos que se acercaron a donar al lugar.<\/p>\n\n\n\n<figure class=\"wp-block-embed is-type-video is-provider-youtube wp-block-embed-youtube wp-embed-aspect-16-9 wp-has-aspect-ratio\"><div class=\"wp-block-embed__wrapper\">\n<iframe loading=\"lazy\" title=\"En el D\u00eda Mundial del Donante de Sangre, Tassano destac\u00f3 la acci\u00f3n altruista y solidaria\" width=\"1110\" height=\"624\" src=\"https:\/\/www.youtube.com\/embed\/JBE4R78Z5ic?feature=oembed\" frameborder=\"0\" allow=\"accelerometer; autoplay; clipboard-write; encrypted-media; gyroscope; picture-in-picture; web-share\" allowfullscreen><\/iframe>\n<\/div><\/figure>\n\n\n\n<figure class=\"wp-block-image size-large\"><img loading=\"lazy\" decoding=\"async\" width=\"1024\" height=\"683\" src=\"https:\/\/corrientesdetarde.com\/wp-content\/uploads\/2023\/06\/image-424-1024x683.png\" alt=\"\" class=\"wp-image-67316\" srcset=\"https:\/\/corrientesdetarde.com\/wp-content\/uploads\/2023\/06\/image-424-1024x683.png 1024w, https:\/\/corrientesdetarde.com\/wp-content\/uploads\/2023\/06\/image-424-300x200.png 300w, https:\/\/corrientesdetarde.com\/wp-content\/uploads\/2023\/06\/image-424-768x512.png 768w, https:\/\/corrientesdetarde.com\/wp-content\/uploads\/2023\/06\/image-424-272x182.png 272w, https:\/\/corrientesdetarde.com\/wp-content\/uploads\/2023\/06\/image-424.png 1296w\" sizes=\"auto, (max-width: 1024px) 100vw, 1024px\" \/><\/figure>\n\n\n\n<figure class=\"wp-block-image size-full\"><img loading=\"lazy\" decoding=\"async\" width=\"1008\" height=\"672\" src=\"https:\/\/corrientesdetarde.com\/wp-content\/uploads\/2023\/06\/image-425.png\" alt=\"\" class=\"wp-image-67317\" srcset=\"https:\/\/corrientesdetarde.com\/wp-content\/uploads\/2023\/06\/image-425.png 1008w, https:\/\/corrientesdetarde.com\/wp-content\/uploads\/2023\/06\/image-425-300x200.png 300w, https:\/\/corrientesdetarde.com\/wp-content\/uploads\/2023\/06\/image-425-768x512.png 768w, https:\/\/corrientesdetarde.com\/wp-content\/uploads\/2023\/06\/image-425-272x182.png 272w\" sizes=\"auto, (max-width: 1008px) 100vw, 1008px\" \/><\/figure>\n\n\n\n<figure class=\"wp-block-image size-large\"><img loading=\"lazy\" decoding=\"async\" width=\"1024\" height=\"683\" src=\"https:\/\/corrientesdetarde.com\/wp-content\/uploads\/2023\/06\/image-426-1024x683.png\" alt=\"\" class=\"wp-image-67318\" srcset=\"https:\/\/corrientesdetarde.com\/wp-content\/uploads\/2023\/06\/image-426-1024x683.png 1024w, https:\/\/corrientesdetarde.com\/wp-content\/uploads\/2023\/06\/image-426-300x200.png 300w, https:\/\/corrientesdetarde.com\/wp-content\/uploads\/2023\/06\/image-426-768x512.png 768w, https:\/\/corrientesdetarde.com\/wp-content\/uploads\/2023\/06\/image-426-272x182.png 272w, https:\/\/corrientesdetarde.com\/wp-content\/uploads\/2023\/06\/image-426.png 1296w\" sizes=\"auto, (max-width: 1024px) 100vw, 1024px\" \/><\/figure>\n\n\n\n<figure class=\"wp-block-image size-large\"><img loading=\"lazy\" decoding=\"async\" width=\"1024\" height=\"683\" src=\"https:\/\/corrientesdetarde.com\/wp-content\/uploads\/2023\/06\/image-427-1024x683.png\" alt=\"\" class=\"wp-image-67319\" srcset=\"https:\/\/corrientesdetarde.com\/wp-content\/uploads\/2023\/06\/image-427-1024x683.png 1024w, https:\/\/corrientesdetarde.com\/wp-content\/uploads\/2023\/06\/image-427-300x200.png 300w, https:\/\/corrientesdetarde.com\/wp-content\/uploads\/2023\/06\/image-427-768x512.png 768w, https:\/\/corrientesdetarde.com\/wp-content\/uploads\/2023\/06\/image-427-272x182.png 272w, https:\/\/corrientesdetarde.com\/wp-content\/uploads\/2023\/06\/image-427.png 1296w\" sizes=\"auto, (max-width: 1024px) 100vw, 1024px\" \/><\/figure>\n\n\n\n<figure class=\"wp-block-image size-large\"><img loading=\"lazy\" decoding=\"async\" width=\"1024\" height=\"683\" src=\"https:\/\/corrientesdetarde.com\/wp-content\/uploads\/2023\/06\/image-428-1024x683.png\" alt=\"\" class=\"wp-image-67320\" srcset=\"https:\/\/corrientesdetarde.com\/wp-content\/uploads\/2023\/06\/image-428-1024x683.png 1024w, https:\/\/corrientesdetarde.com\/wp-content\/uploads\/2023\/06\/image-428-300x200.png 300w, https:\/\/corrientesdetarde.com\/wp-content\/uploads\/2023\/06\/image-428-768x512.png 768w, https:\/\/corrientesdetarde.com\/wp-content\/uploads\/2023\/06\/image-428-272x182.png 272w, https:\/\/corrientesdetarde.com\/wp-content\/uploads\/2023\/06\/image-428.png 1296w\" sizes=\"auto, (max-width: 1024px) 100vw, 1024px\" \/><\/figure>\n\n\n\n<figure class=\"wp-block-image size-large\"><img loading=\"lazy\" decoding=\"async\" width=\"1024\" height=\"683\" src=\"https:\/\/corrientesdetarde.com\/wp-content\/uploads\/2023\/06\/image-429-1024x683.png\" alt=\"\" class=\"wp-image-67321\" srcset=\"https:\/\/corrientesdetarde.com\/wp-content\/uploads\/2023\/06\/image-429-1024x683.png 1024w, https:\/\/corrientesdetarde.com\/wp-content\/uploads\/2023\/06\/image-429-300x200.png 300w, https:\/\/corrientesdetarde.com\/wp-content\/uploads\/2023\/06\/image-429-768x512.png 768w, https:\/\/corrientesdetarde.com\/wp-content\/uploads\/2023\/06\/image-429-272x182.png 272w, https:\/\/corrientesdetarde.com\/wp-content\/uploads\/2023\/06\/image-429.png 1037w\" sizes=\"auto, (max-width: 1024px) 100vw, 1024px\" \/><\/figure>\n","protected":false},"excerpt":{"rendered":"<p>\u201cEsta es una ciudad y una provincia que est\u00e1n muy comprometidas con la salud de sus habitantes y esta instituci\u00f3n es todo un s\u00edmbolo de Corrientes: donar sangre es donar&hellip; <\/p>\n","protected":false},"author":8,"featured_media":67322,"comment_status":"closed","ping_status":"open","sticky":false,"template":"","format":"standard","meta":{"footnotes":""},"categories":[8],"tags":[],"class_list":["post-67315","post","type-post","status-publish","format-standard","has-post-thumbnail","hentry","category-locales"],"_links":{"self":[{"href":"https:\/\/corrientesdetarde.com\/index.php\/wp-json\/wp\/v2\/posts\/67315","targetHints":{"allow":["GET"]}}],"collection":[{"href":"https:\/\/corrientesdetarde.com\/index.php\/wp-json\/wp\/v2\/posts"}],"about":[{"href":"https:\/\/corrientesdetarde.com\/index.php\/wp-json\/wp\/v2\/types\/post"}],"author":[{"embeddable":true,"href":"https:\/\/corrientesdetarde.com\/index.php\/wp-json\/wp\/v2\/users\/8"}],"replies":[{"embeddable":true,"href":"https:\/\/corrientesdetarde.com\/index.php\/wp-json\/wp\/v2\/comments?post=67315"}],"version-history":[{"count":1,"href":"https:\/\/corrientesdetarde.com\/index.php\/wp-json\/wp\/v2\/posts\/67315\/revisions"}],"predecessor-version":[{"id":67323,"href":"https:\/\/corrientesdetarde.com\/index.php\/wp-json\/wp\/v2\/posts\/67315\/revisions\/67323"}],"wp:featuredmedia":[{"embeddable":true,"href":"https:\/\/corrientesdetarde.com\/index.php\/wp-json\/wp\/v2\/media\/67322"}],"wp:attachment":[{"href":"https:\/\/corrientesdetarde.com\/index.php\/wp-json\/wp\/v2\/media?parent=67315"}],"wp:term":[{"taxonomy":"category","embeddable":true,"href":"https:\/\/corrientesdetarde.com\/index.php\/wp-json\/wp\/v2\/categories?post=67315"},{"taxonomy":"post_tag","embeddable":true,"href":"https:\/\/corrientesdetarde.com\/index.php\/wp-json\/wp\/v2\/tags?post=67315"}],"curies":[{"name":"wp","href":"https:\/\/api.w.org\/{rel}","templated":true}]}}