{"id":67339,"date":"2023-06-14T16:06:16","date_gmt":"2023-06-14T19:06:16","guid":{"rendered":"https:\/\/corrientesdetarde.com\/?p=67339"},"modified":"2023-06-14T16:06:17","modified_gmt":"2023-06-14T19:06:17","slug":"desarrollo-social-realizara-actividad-de-sensibilizacion-en-plaza-cabral","status":"publish","type":"post","link":"https:\/\/corrientesdetarde.com\/index.php\/sociales\/desarrollo-social-realizara-actividad-de-sensibilizacion-en-plaza-cabral\/","title":{"rendered":"Desarrollo Social realizar\u00e1 actividad de sensibilizaci\u00f3n en Plaza Cabral"},"content":{"rendered":"\n<p>Este jueves 15 de junio, en el marco del d\u00eda mundial de toma de conciencia de abuso y maltrato en la vejez, el Ministerio de Desarrollo Social realizar\u00e1 una actividad en la Plaza Cabral a partir de las 9 hs.<\/p>\n\n\n\n<p>El \u00e1rea de adultos mayores dependiente del Ministerio de Desarrollo Social&nbsp;a cargo de la Lic Nely Pintos con la participaci\u00f3n de los Clubes de Adultos mayores tienen proyectado realizar una serie de actividades recreativas, como n\u00fameros art\u00edsticos y exposiciones.<\/p>\n\n\n\n<p>En el 2011 las Naciones Unidas reconocieron el abuso a las personas adultas mayores como un problema social, declarando el 15 de junio como el &#8220;D\u00eda Mundial de Toma de Conciencia del Abuso y Maltrato a la Vejez&#8221;.<\/p>\n\n\n\n<p>El maltrato hacia las personas adultas mayores ha sido definido como \u201cun acto \u00fanico o repetido que causa da\u00f1o o sufrimiento a una persona de edad, o la falta de medidas apropiadas para evitarlo, que se produce en una relaci\u00f3n basada en la confianza\u201d. Puede adoptar diversas formas, como el maltrato f\u00edsico, ps\u00edquico, emocional o sexual, y el abuso de confianza en cuestiones econ\u00f3micas; o ser el resultado de la negligencia, sea \u00e9sta intencional o no.<\/p>\n\n\n\n<p>En este marco el Ministerio de Desarrollo Social trabaja diariamente en la restituci\u00f3n de derechos a los adultos mayores , propiciando su empoderamiento y autonom\u00eda con actividades sociales y culturales que estimulan su vida activa, saludable e independiente.<\/p>\n","protected":false},"excerpt":{"rendered":"<p>Este jueves 15 de junio, en el marco del d\u00eda mundial de toma de conciencia de abuso y maltrato en la vejez, el Ministerio de Desarrollo Social realizar\u00e1 una actividad&hellip; <\/p>\n","protected":false},"author":8,"featured_media":67340,"comment_status":"closed","ping_status":"open","sticky":false,"template":"","format":"standard","meta":{"footnotes":""},"categories":[17],"tags":[],"class_list":["post-67339","post","type-post","status-publish","format-standard","has-post-thumbnail","hentry","category-sociales"],"_links":{"self":[{"href":"https:\/\/corrientesdetarde.com\/index.php\/wp-json\/wp\/v2\/posts\/67339","targetHints":{"allow":["GET"]}}],"collection":[{"href":"https:\/\/corrientesdetarde.com\/index.php\/wp-json\/wp\/v2\/posts"}],"about":[{"href":"https:\/\/corrientesdetarde.com\/index.php\/wp-json\/wp\/v2\/types\/post"}],"author":[{"embeddable":true,"href":"https:\/\/corrientesdetarde.com\/index.php\/wp-json\/wp\/v2\/users\/8"}],"replies":[{"embeddable":true,"href":"https:\/\/corrientesdetarde.com\/index.php\/wp-json\/wp\/v2\/comments?post=67339"}],"version-history":[{"count":1,"href":"https:\/\/corrientesdetarde.com\/index.php\/wp-json\/wp\/v2\/posts\/67339\/revisions"}],"predecessor-version":[{"id":67343,"href":"https:\/\/corrientesdetarde.com\/index.php\/wp-json\/wp\/v2\/posts\/67339\/revisions\/67343"}],"wp:featuredmedia":[{"embeddable":true,"href":"https:\/\/corrientesdetarde.com\/index.php\/wp-json\/wp\/v2\/media\/67340"}],"wp:attachment":[{"href":"https:\/\/corrientesdetarde.com\/index.php\/wp-json\/wp\/v2\/media?parent=67339"}],"wp:term":[{"taxonomy":"category","embeddable":true,"href":"https:\/\/corrientesdetarde.com\/index.php\/wp-json\/wp\/v2\/categories?post=67339"},{"taxonomy":"post_tag","embeddable":true,"href":"https:\/\/corrientesdetarde.com\/index.php\/wp-json\/wp\/v2\/tags?post=67339"}],"curies":[{"name":"wp","href":"https:\/\/api.w.org\/{rel}","templated":true}]}}