{"id":67344,"date":"2023-06-14T16:11:39","date_gmt":"2023-06-14T19:11:39","guid":{"rendered":"https:\/\/corrientesdetarde.com\/?p=67344"},"modified":"2023-06-14T16:36:55","modified_gmt":"2023-06-14T19:36:55","slug":"la-inflacion-de-mayo-fue-del-78-y-alcanzo-el-1142-en-el-ultimo-ano","status":"publish","type":"post","link":"https:\/\/corrientesdetarde.com\/index.php\/economia\/la-inflacion-de-mayo-fue-del-78-y-alcanzo-el-1142-en-el-ultimo-ano\/","title":{"rendered":"La inflaci\u00f3n de mayo fue del 7,8% y alcanz\u00f3 el 114,2% en el \u00faltimo a\u00f1o"},"content":{"rendered":"\n<p>Seg\u00fan el Indec, en los primeros cinco meses de 2023 la suba de precios acumul\u00f3 un 42,2%. El \u00edndice oficial tuvo as\u00ed una desaceleraci\u00f3n luego de mantenerse al alza mes a mes desde diciembre<\/p>\n\n\n\n<p>El Indec difundi\u00f3 el dato de inflaci\u00f3n de mayo (Argentina).<\/p>\n\n\n\n<p>La inflaci\u00f3n de junio fue de<strong>&nbsp;7,8%<\/strong>&nbsp;y alcanz\u00f3 el 114,2<strong>% interanual<\/strong>, inform\u00f3 este mi\u00e9rcoles el Indec. De esta manera, el \u00edndice de precios tuvo una desaceleraci\u00f3n en comparaci\u00f3n con el&nbsp;<strong>8,4%<\/strong>&nbsp;que hab\u00eda marcado<strong>&nbsp;abril&nbsp;<\/strong>y as\u00ed cort\u00f3 una racha de incrementos mes a mes que arrastraba de manera ininterrumpida desde el IPC de diciembre.<\/p>\n\n\n\n<p>M\u00e1s all\u00e1 del dato mensual, que fue el \u00faltimo que se conocer\u00e1 antes del cierre de listas presidenciales, la cifra interanual de precios sigue siendo la m\u00e1s elevada en t\u00e9rminos interanuales de toda la gesti\u00f3n del Frente de Todos. En los primeros cinco meses del a\u00f1o, adem\u00e1s, la inflaci\u00f3n acumulada fue de<strong>&nbsp;42,2 por ciento<\/strong>.<\/p>\n\n\n\n<p>En los \u00faltimos d\u00edas desde el equipo econ\u00f3mico hab\u00edan dejado saber que hab\u00eda elementos para esperar un dato menos cr\u00edtico de lo que se aguardaba hace algunas semanas. En el \u00faltimo informe de Relevamiento de Expectativas de Mercado (REM) el Banco Central hab\u00eda dado una pista de lo que esperaba para mayo. \u201cLuego de que las y los participantes del REM brindaran sus pron\u00f3sticos al BCRA, se conoci\u00f3&nbsp;<strong>nueva informaci\u00f3n<\/strong>&nbsp;que sugiere que<strong>&nbsp;la inflaci\u00f3n mensual se moder\u00f3<\/strong>&nbsp;con respecto al 8,4% observado en abril\u201d, indic\u00f3 el informe.<\/p>\n\n\n\n<p>\u201cTanto los diversos<strong>&nbsp;indicadores de alta frecuencia<\/strong>&nbsp;de precios mayoristas y minoristas monitoreados por el BCRA como el IPC de la Ciudad Aut\u00f3noma de Buenos Aires (7,5% de aumento en mayo)<strong>&nbsp;sugieren una evoluci\u00f3n m\u00e1s contenida&nbsp;<\/strong>que en el mes previo\u201d, consider\u00f3.<\/p>\n\n\n\n<p>El REM del BCRA mostr\u00f3 que para el a\u00f1o completo los analistas esperan una inflaci\u00f3n de 148,9%, lo que implica una suba de 22,5 puntos porcentuales en relaci\u00f3n a la encuesta del mes anterior. Tambi\u00e9n se elevaron de manera marcada las estimaciones para los pr\u00f3ximos 12 meses, que se ubicaron en 171,1%, lo que marca un alza de 24,6 puntos en relaci\u00f3n a abril.<\/p>\n\n\n\n<p>Las consultoras midieron que la&nbsp;<strong>inflaci\u00f3n de mayo<\/strong>, en realidad, hab\u00eda estado en un rango<strong>&nbsp;m\u00e1s cercano al 9%<\/strong>, de acuerdo a los relevamientos de precios privados, que cerraron en las \u00faltimas horas. Mayo tuvo el impacto pleno de la&nbsp;<strong>crisis cambiaria&nbsp;<\/strong>de mediados de abril y que puso presi\u00f3n al conjunto de precios de la econom\u00eda.<\/p>\n\n\n\n<p>Desde el equipo econ\u00f3mico se apuraron, ya antes de la publicaci\u00f3n del IPC de mayo, a descartar posibilidades de bajar la tasa de inter\u00e9s y mencionaron que el equipo econ\u00f3mico priorizar\u00e1 sostenerla a\u00fan si el dato terminara siendo m\u00e1s favorable de lo esperado. De esa manera, la<strong>&nbsp;tasa de inter\u00e9s&nbsp;<\/strong>de los plazos fijos, que hoy est\u00e1 anclada en&nbsp;<strong>97% nominal&nbsp;<\/strong>y&nbsp;<strong>154% efectiva anual<\/strong>, permanecer\u00e1 en ese nivel.<\/p>\n\n\n\n<p>El 97% de tasa de inter\u00e9s nominal fue establecida a mediados de mayo tras el dato de inflaci\u00f3n de abril. Desde que comenz\u00f3 el a\u00f1o -en que todos los meses, consecutivamente, hubo aceleraciones mes a mes del ritmo interanual de precios- la tasa tuvo un incremento de<strong>&nbsp;22 puntos porcentuales<\/strong>.<\/p>\n","protected":false},"excerpt":{"rendered":"<p>Seg\u00fan el Indec, en los primeros cinco meses de 2023 la suba de precios acumul\u00f3 un 42,2%. El \u00edndice oficial tuvo as\u00ed una desaceleraci\u00f3n luego de mantenerse al alza mes&hellip; <\/p>\n","protected":false},"author":8,"featured_media":67345,"comment_status":"closed","ping_status":"open","sticky":false,"template":"","format":"standard","meta":{"footnotes":""},"categories":[20],"tags":[],"class_list":["post-67344","post","type-post","status-publish","format-standard","has-post-thumbnail","hentry","category-economia"],"_links":{"self":[{"href":"https:\/\/corrientesdetarde.com\/index.php\/wp-json\/wp\/v2\/posts\/67344","targetHints":{"allow":["GET"]}}],"collection":[{"href":"https:\/\/corrientesdetarde.com\/index.php\/wp-json\/wp\/v2\/posts"}],"about":[{"href":"https:\/\/corrientesdetarde.com\/index.php\/wp-json\/wp\/v2\/types\/post"}],"author":[{"embeddable":true,"href":"https:\/\/corrientesdetarde.com\/index.php\/wp-json\/wp\/v2\/users\/8"}],"replies":[{"embeddable":true,"href":"https:\/\/corrientesdetarde.com\/index.php\/wp-json\/wp\/v2\/comments?post=67344"}],"version-history":[{"count":2,"href":"https:\/\/corrientesdetarde.com\/index.php\/wp-json\/wp\/v2\/posts\/67344\/revisions"}],"predecessor-version":[{"id":67362,"href":"https:\/\/corrientesdetarde.com\/index.php\/wp-json\/wp\/v2\/posts\/67344\/revisions\/67362"}],"wp:featuredmedia":[{"embeddable":true,"href":"https:\/\/corrientesdetarde.com\/index.php\/wp-json\/wp\/v2\/media\/67345"}],"wp:attachment":[{"href":"https:\/\/corrientesdetarde.com\/index.php\/wp-json\/wp\/v2\/media?parent=67344"}],"wp:term":[{"taxonomy":"category","embeddable":true,"href":"https:\/\/corrientesdetarde.com\/index.php\/wp-json\/wp\/v2\/categories?post=67344"},{"taxonomy":"post_tag","embeddable":true,"href":"https:\/\/corrientesdetarde.com\/index.php\/wp-json\/wp\/v2\/tags?post=67344"}],"curies":[{"name":"wp","href":"https:\/\/api.w.org\/{rel}","templated":true}]}}