{"id":67347,"date":"2023-06-14T16:14:51","date_gmt":"2023-06-14T19:14:51","guid":{"rendered":"https:\/\/corrientesdetarde.com\/?p=67347"},"modified":"2023-06-14T16:14:55","modified_gmt":"2023-06-14T19:14:55","slug":"tragedia-en-grecia-murieron-al-menos-79-inmigrantes-en-un-naufragio","status":"publish","type":"post","link":"https:\/\/corrientesdetarde.com\/index.php\/internacionales\/tragedia-en-grecia-murieron-al-menos-79-inmigrantes-en-un-naufragio\/","title":{"rendered":"Tragedia en Grecia: murieron al menos 79 inmigrantes en un naufragio"},"content":{"rendered":"\n<p>El barco zozobr\u00f3 en el Mar J\u00f3nico. Hay 104 sobrevivientes, pero la prensa local informa que viajaban entre 400 a 700 personas a bordo.<\/p>\n\n\n\n<p>Al menos\u00a0<strong>79 migrantes murieron<\/strong>\u00a0este mi\u00e9rcoles tras hundirse un pesquero con cientos de personas a bordo en el Mar J\u00f3nico, frente a las costas de\u00a0Grecia. Se teme que haya cientos de personas desaparecidas. Una portavoz de la Guardia Costera confirm\u00f3 a\u00a0<em>EFE<\/em>\u00a0que \u201cprobablemente aumentar\u00e1 m\u00e1s el n\u00famero de fallecidos\u201d.<\/p>\n\n\n\n<p>Seg\u00fan las autoridades, hay hasta el momento 104 sobrevivientes, 24 de los cuales fueron trasladados al hospital de la ciudad de Kalamata, 250 kil\u00f3metros al sudoeste de Atenas.<\/p>\n\n\n\n<p>Medios locales dijeron que al menos 400 inmigrantes viajaban a bordo de la embarcaci\u00f3n de 30 metros de eslora, por lo que se teme que&nbsp;<strong>cientos de personas podr\u00edan permanecer desaparecidas<\/strong>. Otros medios elevan ese n\u00famero a 700.<\/p>\n\n\n\n<h2 class=\"wp-block-heading\">Es \u201cuna tragedia inconcebible\u201d<\/h2>\n\n\n\n<p>La presidenta griega,&nbsp;<strong>Ekaterini Sakellaropoulo<\/strong>u, se traslad\u00f3 a Kalamata para informarse sobre lo sucedido, mientras que l\u00edderes pol\u00edticos cancelaron sus actos de campa\u00f1a de cara a las elecciones legislativas del pr\u00f3ximo d\u00eda 25. En un comunicado publicado en su cuenta de Facebook, la misi\u00f3n griega del Alto Comisionado de Naciones Unidas para los Refugiados (ACNUR) calific\u00f3 el hecho como una \u201c<strong>tragedia inconcebible<\/strong>\u201d.<\/p>\n\n\n\n<p>Recalc\u00f3 adem\u00e1s que estas muertes podr\u00edan haberse evitado si se hubieran establecido m\u00e1s rutas seguras para la migraci\u00f3n en el Mediterr\u00e1neo. Diez embarcaciones, una fragata de la Armada, un helic\u00f3ptero y un dron de Frontex -la agencia de fronteras de la Uni\u00f3n Europea (UE)- participan en las operaciones de b\u00fasqueda y rescate, que seguir\u00e1n durante toda la noche.<\/p>\n\n\n\n<figure class=\"wp-block-image\"><img decoding=\"async\" src=\"https:\/\/tn.com.ar\/resizer\/DoULUOAK9oGc3IEnnCYxSyz39fU=\/767x0\/smart\/filters:format(webp)\/cloudfront-us-east-1.images.arcpublishing.com\/artear\/5H6XPBTH3ZBQVCHH46TMIKM4UI.jfif\" alt=\"Sobrevivientes del naufragio que dej\u00f3 decenas de muertos en el Mar J\u00f3nico (Foto: EFE)\"\/><\/figure>\n\n\n\n<p>Los 104 rescatados son todos varones mayores de edad, procedentes de&nbsp;<strong>Pakist\u00e1n, Egipto, Siria y Palestina<\/strong>, dijo la portavoz de la Guardia Costera.<\/p>\n\n\n\n<h2 class=\"wp-block-heading\">C\u00f3mo se produjo la nueva tragedia de inmigrantes en Europa<\/h2>\n\n\n\n<p>La embarcaci\u00f3n hab\u00eda partido con destino a Italia desde el este de Libia y naufrag\u00f3 tras volcar esta madrugada al sudoeste de la pen\u00ednsula del Peloponeso, informaron las autoridades.<\/p>\n\n\n\n<p>Todav\u00eda se desconocen las razones exactas por las que volc\u00f3 la embarcaci\u00f3n, ya que las condiciones climatol\u00f3gicas en el momento del naufragio en la zona eran buenas. Lo que se examina como m\u00e1s probable es que se produjera un \u201ccambio de carga\u201d abrupto en el barco por el traslado simult\u00e1neo de los cientos de personas que se encontraban en \u00e9l de un lado a otro.<\/p>\n\n\n\n<p>\u201dSeguro muchos de los que se encontraban dentro del barco se han hundido con el pesquero\u201d, se\u00f1al\u00f3 la portavoz.<\/p>\n\n\n\n<p>En un comunicado, la Guardia Costera griega inform\u00f3 que el barco hab\u00eda sido localizado hacia el mediod\u00eda del martes, cuando navegaba en aguas internacionales al sur de la pen\u00ednsula griega.<\/p>\n\n\n\n<p>Por la tarde, una embarcaci\u00f3n de los guardacostas se acerc\u00f3 para ofrecer asistencia, ya que hab\u00eda divisado a un gran n\u00famero de personas en la cubierta exterior del barco. Sin embargo, seg\u00fan la versi\u00f3n citada por&nbsp;<em>EFE<\/em>, las personas que estaban a bordo rechazaron la oferta de ayuda, expresando su deseo de continuar el viaje rumbo a Italia.<\/p>\n\n\n\n<p>Las redes de tr\u00e1fico il\u00edcito de personas llevan a\u00f1os utilizando embarcaciones grandes, como veleros y pesqueros, para dirigirse desde Turqu\u00eda o Libia al sur de la Italia continental, desde donde los migrantes y refugiados tienen un acceso m\u00e1s f\u00e1cil a los pa\u00edses de Europa Central.<\/p>\n\n\n\n<p>El domingo, las autoridades griegas rescataron al sur del Peloponeso a 90 migrantes que estaban a bordo de un yate que se encontraba a la deriva.<\/p>\n","protected":false},"excerpt":{"rendered":"<p>El barco zozobr\u00f3 en el Mar J\u00f3nico. Hay 104 sobrevivientes, pero la prensa local informa que viajaban entre 400 a 700 personas a bordo. Al menos\u00a079 migrantes murieron\u00a0este mi\u00e9rcoles tras&hellip; <\/p>\n","protected":false},"author":8,"featured_media":67348,"comment_status":"closed","ping_status":"open","sticky":false,"template":"","format":"standard","meta":{"footnotes":""},"categories":[11],"tags":[],"class_list":["post-67347","post","type-post","status-publish","format-standard","has-post-thumbnail","hentry","category-internacionales"],"_links":{"self":[{"href":"https:\/\/corrientesdetarde.com\/index.php\/wp-json\/wp\/v2\/posts\/67347","targetHints":{"allow":["GET"]}}],"collection":[{"href":"https:\/\/corrientesdetarde.com\/index.php\/wp-json\/wp\/v2\/posts"}],"about":[{"href":"https:\/\/corrientesdetarde.com\/index.php\/wp-json\/wp\/v2\/types\/post"}],"author":[{"embeddable":true,"href":"https:\/\/corrientesdetarde.com\/index.php\/wp-json\/wp\/v2\/users\/8"}],"replies":[{"embeddable":true,"href":"https:\/\/corrientesdetarde.com\/index.php\/wp-json\/wp\/v2\/comments?post=67347"}],"version-history":[{"count":1,"href":"https:\/\/corrientesdetarde.com\/index.php\/wp-json\/wp\/v2\/posts\/67347\/revisions"}],"predecessor-version":[{"id":67349,"href":"https:\/\/corrientesdetarde.com\/index.php\/wp-json\/wp\/v2\/posts\/67347\/revisions\/67349"}],"wp:featuredmedia":[{"embeddable":true,"href":"https:\/\/corrientesdetarde.com\/index.php\/wp-json\/wp\/v2\/media\/67348"}],"wp:attachment":[{"href":"https:\/\/corrientesdetarde.com\/index.php\/wp-json\/wp\/v2\/media?parent=67347"}],"wp:term":[{"taxonomy":"category","embeddable":true,"href":"https:\/\/corrientesdetarde.com\/index.php\/wp-json\/wp\/v2\/categories?post=67347"},{"taxonomy":"post_tag","embeddable":true,"href":"https:\/\/corrientesdetarde.com\/index.php\/wp-json\/wp\/v2\/tags?post=67347"}],"curies":[{"name":"wp","href":"https:\/\/api.w.org\/{rel}","templated":true}]}}