{"id":67350,"date":"2023-06-14T16:17:14","date_gmt":"2023-06-14T19:17:14","guid":{"rendered":"https:\/\/corrientesdetarde.com\/?p=67350"},"modified":"2023-06-14T16:17:34","modified_gmt":"2023-06-14T19:17:34","slug":"desde-el-campo-alertan-sobre-la-critica-situacion-de-los-tambos-y-reclaman-politicas-que-generen-confianza","status":"publish","type":"post","link":"https:\/\/corrientesdetarde.com\/index.php\/politica\/desde-el-campo-alertan-sobre-la-critica-situacion-de-los-tambos-y-reclaman-politicas-que-generen-confianza\/","title":{"rendered":"Desde el campo alertan sobre la cr\u00edtica situaci\u00f3n de los tambos y reclaman pol\u00edticas que \u201cgeneren confianza\u201d"},"content":{"rendered":"\n<p>El titular de Confederaciones Rurales Argentinas (CRA), Jorge Chemes, asisti\u00f3 a la presentaci\u00f3n de un seminario sobre lecher\u00eda y asegur\u00f3 que la actividad ha deca\u00eddo en los \u00faltimos 20 a\u00f1os \u201ccon un nivel de concentraci\u00f3n muy importante\u201d.<\/p>\n\n\n\n<p>El presidente de Confederaciones Rurales Argentinas (CRA),<strong>&nbsp;Jorge Chemes<\/strong>, advirti\u00f3 sobre la situaci\u00f3n cr\u00edtica que vive el sector tambero y asegur\u00f3 que<strong>&nbsp;la actividad est\u00e1 en declive desde hace 20 a\u00f1os<\/strong>. Fue durante la presentaci\u00f3n del&nbsp;<strong>3\u00b0 Seminario Internacional de Lecher\u00eda (SIL),&nbsp;<\/strong>que se realizar\u00e1 el viernes 30 de junio en la<strong>&nbsp;Sociedad Rural de Rafaela.<\/strong><\/p>\n\n\n\n<p>\u201cLa lecher\u00eda en CRA es tan importante como lo es en el pa\u00eds.\u00a0<strong>En estos \u00faltimos 20 a\u00f1os, la actividad ha decrecido y con un nivel de concentraci\u00f3n muy importante.<\/strong>\u00a0Ha habido una transformaci\u00f3n que no permite el crecimiento que se necesita y esto se da porque no ha habido pol\u00edtica lechera que genere confianza y credibilidad. Esto no escapa a la realidad argentina en general\u201d, asever\u00f3 el l\u00edder de la gremial que integra la\u00a0<strong>mesa de enlace<\/strong>\u00a0junto a la Federaci\u00f3n Agraria Argentina (FAA), la Sociedad Rural Argentina (SRA) y Coninagro.<\/p>\n\n\n\n<p>Sobre eso, enfatiz\u00f3: \u201c<strong>Hay que seguir orde\u00f1ando aunque se generen quebrantos dif\u00edciles de revertir.\u00a0<\/strong>Los productores no hemos tenido la suficiente fuerza para imponer nuestros pedidos\u201d.<\/p>\n\n\n\n<p>En ese sentido, Chemes analiz\u00f3: \u201c<strong>El bolsillo del productor es el que termina pagando las cuentas de toda la cadena<\/strong>&nbsp;y esto parece que no se termina de entender y genera empantanamiento. No logramos crecer y no se pueden abrir mercados para exportar y generar credibilidad\u201d.<\/p>\n\n\n\n<p>El titular de CRA<strong>&nbsp;realz\u00f3 la importancia de los eventos como el<\/strong>&nbsp;<strong>SIL,<\/strong>&nbsp;porque son acciones que \u201cbrindan datos certeros para comprender que si no tomamos medidas claras y en condiciones, vamos a seguir perdiendo productores.&nbsp;<strong>No queremos una lecher\u00eda s\u00f3lo para el consumo interno,&nbsp;<\/strong>sino tambi\u00e9n una que genere recursos, d\u00f3lares que son tan necesarios\u201d.<\/p>\n\n\n\n<figure class=\"wp-block-image\"><img decoding=\"async\" src=\"https:\/\/tn.com.ar\/resizer\/x0NBj7hSDFiMG6j-6jeQ9WDX8N4=\/767x0\/smart\/filters:format(webp)\/cloudfront-us-east-1.images.arcpublishing.com\/artear\/4BCWTVMG5NCK3DK26E2H2HEVOI.jpg\" alt=\"Desde CRA aseguran que en los \u00faltimos 20 a\u00f1os no ha hubo una pol\u00edtica lechera que &quot;genere confianza y credibilidad&quot;, (Foto: archivo familia Volpato) \"\/><\/figure>\n\n\n\n<p>Chemes destac\u00f3 la<strong>\u00a0importancia de contemplar la producci\u00f3n de leche y las vacas en orde\u00f1o,<\/strong>\u00a0sin un detenimiento tan minucioso en cuanto a las unidades productivas.<\/p>\n\n\n\n<p>\u201cVamos a&nbsp;<strong>seguir luchando desde las entidades para lograr que la lecher\u00eda despegue<\/strong>, sin crecimiento no hay un futuro posible y es por eso que se lucha por la generaci\u00f3n de un mercado formal como en otras actividades\u201d, indic\u00f3.<\/p>\n\n\n\n<p>Por su parte,&nbsp;<strong>Javier Bolatti,<\/strong>&nbsp;de la Confederaci\u00f3n de Asociaciones Rurales de Santa Fe (CARSFE), entidad adherida a CRA, puso de manifiesto que \u201cel productor tambero siempre est\u00e1 con los problemas coyunturales y nunca se puede proyectar o puede planificar\u201d.<\/p>\n\n\n\n<figure class=\"wp-block-image\"><img decoding=\"async\" src=\"https:\/\/tn.com.ar\/resizer\/d7kYClW96A9Yv3tJvPWLxQ_y644=\/767x0\/smart\/filters:format(webp)\/cloudfront-us-east-1.images.arcpublishing.com\/artear\/PX3GGRSTM5EAXFFIYJTHEKX5NY.jpg\" alt=\"Jorge Chemes junto al resto de los integrantes de la mesa de enlace durante una reuni\u00f3n celebrada tiempo atr\u00e1s. \"\/><\/figure>\n\n\n\n<p>\u201cEn Argentina,<strong>\u00a0no hay pol\u00edtica lechera,\u00a0<\/strong>porque la definen la\u00a0<strong>Secretar\u00eda de Comercio y el Centro de la Industria Lechera (CIL).\u00a0<\/strong>Carsfe tiene un Plan Piloto de comercializaci\u00f3n de leche, que pretende ser voluntario, lo queremos poner en marcha y no tenemos apoyo pol\u00edtico de los funcionarios para saber si funciona\u201d, se explay\u00f3.<\/p>\n\n\n\n<p>Bolatti exclam\u00f3 que<strong>&nbsp;\u201cSanta Fe tiene mucha legislaci\u00f3n desde hace varios a\u00f1os\u201d,&nbsp;<\/strong>que de ser puesta en marcha podr\u00eda generar \u201cun precio de referencia, un mercado institucionalizado, para que se pague por la calidad de la leche\u201d. Seg\u00fan el dirigente, as\u00ed se podr\u00eda atender la eficiencia que se tiene tranqueras adentro, pero abordando el \u201cindividualismo\u201d que caracteriza a parte del sector.<\/p>\n\n\n\n<p>\u201c<strong>En un a\u00f1o pol\u00edtico necesitamos apoyo, construir mercados, construirlos dentro de una cadena, sin imponerlos.&nbsp;<\/strong>No nos quedamos en la coyuntura y buscamos dar un salto a largo plazo, debiendo superar tambi\u00e9n el cambio generacional\u201d, finaliz\u00f3 el dirigente de la entidad hermana a la Sociedad Rural de Sunchales.<\/p>\n","protected":false},"excerpt":{"rendered":"<p>El titular de Confederaciones Rurales Argentinas (CRA), Jorge Chemes, asisti\u00f3 a la presentaci\u00f3n de un seminario sobre lecher\u00eda y asegur\u00f3 que la actividad ha deca\u00eddo en los \u00faltimos 20 a\u00f1os&hellip; <\/p>\n","protected":false},"author":8,"featured_media":67351,"comment_status":"closed","ping_status":"open","sticky":false,"template":"","format":"standard","meta":{"footnotes":""},"categories":[3],"tags":[],"class_list":["post-67350","post","type-post","status-publish","format-standard","has-post-thumbnail","hentry","category-politica"],"_links":{"self":[{"href":"https:\/\/corrientesdetarde.com\/index.php\/wp-json\/wp\/v2\/posts\/67350","targetHints":{"allow":["GET"]}}],"collection":[{"href":"https:\/\/corrientesdetarde.com\/index.php\/wp-json\/wp\/v2\/posts"}],"about":[{"href":"https:\/\/corrientesdetarde.com\/index.php\/wp-json\/wp\/v2\/types\/post"}],"author":[{"embeddable":true,"href":"https:\/\/corrientesdetarde.com\/index.php\/wp-json\/wp\/v2\/users\/8"}],"replies":[{"embeddable":true,"href":"https:\/\/corrientesdetarde.com\/index.php\/wp-json\/wp\/v2\/comments?post=67350"}],"version-history":[{"count":1,"href":"https:\/\/corrientesdetarde.com\/index.php\/wp-json\/wp\/v2\/posts\/67350\/revisions"}],"predecessor-version":[{"id":67352,"href":"https:\/\/corrientesdetarde.com\/index.php\/wp-json\/wp\/v2\/posts\/67350\/revisions\/67352"}],"wp:featuredmedia":[{"embeddable":true,"href":"https:\/\/corrientesdetarde.com\/index.php\/wp-json\/wp\/v2\/media\/67351"}],"wp:attachment":[{"href":"https:\/\/corrientesdetarde.com\/index.php\/wp-json\/wp\/v2\/media?parent=67350"}],"wp:term":[{"taxonomy":"category","embeddable":true,"href":"https:\/\/corrientesdetarde.com\/index.php\/wp-json\/wp\/v2\/categories?post=67350"},{"taxonomy":"post_tag","embeddable":true,"href":"https:\/\/corrientesdetarde.com\/index.php\/wp-json\/wp\/v2\/tags?post=67350"}],"curies":[{"name":"wp","href":"https:\/\/api.w.org\/{rel}","templated":true}]}}