{"id":67353,"date":"2023-06-14T16:20:08","date_gmt":"2023-06-14T19:20:08","guid":{"rendered":"https:\/\/corrientesdetarde.com\/?p=67353"},"modified":"2023-06-14T16:20:13","modified_gmt":"2023-06-14T19:20:13","slug":"massa-no-peleara-la-eleccion-presidencial-wado-de-pedro-se-alista-para-ir-a-las-paso-y-bullrich-ya-tiene-vice","status":"publish","type":"post","link":"https:\/\/corrientesdetarde.com\/index.php\/nacionales\/massa-no-peleara-la-eleccion-presidencial-wado-de-pedro-se-alista-para-ir-a-las-paso-y-bullrich-ya-tiene-vice\/","title":{"rendered":"Massa no pelear\u00e1 la elecci\u00f3n presidencial, Wado De Pedro se alista para ir a las PASO y Bullrich ya tiene vice"},"content":{"rendered":"\n<p>Los dirigentes van tomando sus primeras definiciones de peso a horas del cierre de alianzas. Javier Milei ahora busca candidato en la Provincia.<\/p>\n\n\n\n<p>Entramos en tiempo de definiciones. Y sin embargo, prevalece la incertidumbre. Pero, calma, empiezan a aparecer altos porcentajes de certeza. Algo es algo. En el oficialismo: Axwl Kiccilof seguira en la provincia. Sergio Massa solo pelear\u00e1 la presidencial si es candidato \u00fanico y el kirchnerismo ir\u00e1 con\u00a0<strong>Eduardo \u201cWado\u201d<\/strong>\u00a0de Pedro si hay PASO con\u00a0<strong>Daniel Scioli<\/strong>. En la oposici\u00f3n: Patricia Bullrich ya eligi\u00f3 vice y Javier Milei se qued\u00f3 sin candidato a gobernador.<\/p>\n\n\n\n<p>Es cierto que estas \u201ccertezas\u201d pueden cambiar, pues todav\u00eda faltan diez d\u00edas para la inscripci\u00f3n de los candidatos. Y ya se sabe: en los cierres de listas nada es hasta que es. Aunque en el entorno del ministro de Econom\u00eda insisten hasta el hartazgo en que\u00a0<strong>\u00e9l no ser\u00e1 candidato<\/strong>\u00a0y que a\u00fan no est\u00e1 resuelto el destino de Kicillof, en el kirchnerismo afirman que en el c\u00f3nclave que mantuvieron ayer Cristina Fern\u00e1ndez, su hijo M\u00e1ximo Kirchner, De Pedro y Massa se habr\u00eda definido que es Massa o hay PASO. Veremos.<\/p>\n\n\n\n<p>Por estas horas, en el todav\u00eda Frente de Todos (la alianza tendr\u00e1 nuevo nombre en las pr\u00f3ximas elecciones y no ser\u00e1 Unidad Renovadora) la discusi\u00f3n est\u00e1 en torno al piso de votos que se exigir\u00e1 a cada lista que compita en las PASO (si finalmente las hay) para entrar en el reparto de lugares de la lista final que competir\u00e1 en las generales. Hist\u00f3ricamente, ese piso es del 25% en el peronismo, pero este a\u00f1o podr\u00eda elevarse a 30% o 35% por presi\u00f3n de Kirchner y Massa.<\/p>\n\n\n\n<p>En la oposici\u00f3n, en tanto, empiezan a definirse algunos nombres. Arranquemos por los no. El jefe de la Libertad Avanza,<strong>&nbsp;Javier Milei, no logr\u00f3 ponerle el mo\u00f1o a la negociaci\u00f3n con Jorge Britos<\/strong>, intendente vecinalista de Chivilcoy, y a esta hora est\u00e1 sin candidato a gobernador bonaerense. Ahora, aseguran, busca opciones. Algunos se\u00f1alan a su armador en la provincia, Sebasti\u00e1n Parejas (que viene de trabajar con Emilio Monz\u00f3) y otros a Carolina P\u00edparo (que entr\u00f3 al Congreso nacional con Jos\u00e9 Luis Espert, pero a mitad de a\u00f1o dio el salto a las bancas de Milei y es, por ahora, su candidata a intendenta de La Plata). En tanto, las explicaciones del naufragio del acuerdo con el excomisario son dis\u00edmiles.<\/p>\n\n\n\n<figure class=\"wp-block-image\"><img decoding=\"async\" src=\"https:\/\/tn.com.ar\/resizer\/Ltz8k8V62fXIM3P49VrZ8pdb1N4=\/767x0\/smart\/filters:format(webp)\/cloudfront-us-east-1.images.arcpublishing.com\/artear\/SOQ4V7CGRZABFLWFPTTOLT5YAE.jpg\" alt=\"El cierre de alianzas y el dato de inflaci\u00f3n marcar\u00e1n una semana clave para el Gobierno. (Foto: Presidencia)\"\/><\/figure>\n\n\n\n<p><strong>Versi\u00f3n picante<\/strong>: el armador nacional de Milei, Carlos Kikuchi, empioj\u00f3 la negociaci\u00f3n por el armado de las listas. Britos exig\u00eda los primeros lugares en la lista de diputados provinciales, pero se los negaron. La cuerda se tens\u00f3, el ex comisario temi\u00f3 quedarse sin Chivilcoy, sin bancas en la legislatura bonaerense y sin sill\u00f3n en la gobernaci\u00f3n y desisti\u00f3 de la aventura. Versi\u00f3n conciliadora: Britos ten\u00eda garantizados los primeros cuatro lugares de la lista de diputados provinciales por la cuarta secci\u00f3n electoral y Kikuchi ya hab\u00eda sido corrido de las conversaciones. Sin embargo, el plan no terminaba de cerrarle al intendente. Tras mucho pensarlo, llam\u00f3 a Milei ayer despu\u00e9s de las once de la noche y le avis\u00f3 que no ser\u00eda su candidato. Amor y paz.<\/p>\n\n\n\n<h2 class=\"wp-block-heading\">Juntos por el Cambio: Patricia Bullrich ya tiene su candidato a vice<\/h2>\n\n\n\n<p>En Juntos por el Cambio, en tanto, contin\u00faan los intentos de&nbsp;<strong>Horacio Rodriguez Larreta<\/strong>&nbsp;por ampliar el espacio, aunque con el cordobes&nbsp;<strong>Juan Schiaretti<\/strong>, en esta instancia, fuera del cuadro. El jefe de Gobierno est\u00e1 convencido que el triunfo de Poggi en San Luis, es el ejemplo de \u00e9xito que deber\u00eda convencer a Mauricio Macri y Bullrich de su estrategia.<\/p>\n\n\n\n<p>Pero la presidenta del PRO en uso de licencia cerr\u00f3 la puerta de incorporaciones con la llegada de Jos\u00e9 Luis Espert. En su entorno insisten en que las encuestas la acompa\u00f1an y que no es momento de hacer cambios. Advierten, inclusive, no es momento de improvisaciones y golpes de efecto, sino de empezar a \u201cordenar los patitos\u201d. Tanto es as\u00ed, que ya tiene elegido a su compa\u00f1ero de f\u00f3rmula y, por usar palabras de Milei, \u201csolo falta ponerle el mo\u00f1o\u201d.<\/p>\n\n\n\n<p>Si no hay sorpresas, el presidente de la UCR bonaerense,&nbsp;<strong>Maximiliano Abad<\/strong>&nbsp;\u2013pese ese a no estar al tope de los halcones en el universo radical\u2013&nbsp;<strong>es el elegido de Patricia Bullrich como su vice<\/strong>. El anuncio oficial se har\u00eda el viernes, antes de comenzar el fin de semana largo, o apenas este termine.<\/p>\n\n\n\n<p>Sin posibilidades de competir con una candidatura propia en la provincia, la UCR trabaj\u00f3 hasta \u00faltimo momento para llevar a Diego Santilli como candidato \u00fanico. Pero la resistencia de Horacio Rodr\u00edguez Larreta a esta idea y la decisi\u00f3n de \u201cel Colo\u201d de mantenerse leal al jefe de Gobierno porte\u00f1o, hicieron naufragar el plan radical y con \u00e9l el apoyo del radicalismo bonaerense a la candidatura de Larreta.<\/p>\n\n\n\n<figure class=\"wp-block-image\"><img decoding=\"async\" src=\"https:\/\/tn.com.ar\/resizer\/DvpfK3s2LmttR9VgizJXXTQ5zqI=\/767x0\/smart\/filters:format(webp)\/cloudfront-us-east-1.images.arcpublishing.com\/artear\/2OWNMRGKB5EBXLMWP2JFLTYYAA.png\" alt=\"Maximiliano Abad ser\u00eda el candidato a vicepresidente de Patricia Bullrich. (Foto: gentileza Clar\u00edn)\"\/><\/figure>\n\n\n\n<p>La UCR gobierna 27 intendencias en la provincia, de las cuales solo tres est\u00e1n en el conurbano bonaerense. Esos municipios son, sin ir m\u00e1s lejos, los que le permitieron a Facundo Manes cosechar m\u00e1s de un mill\u00f3n de votos en las \u00faltimas elecciones legislativas. En 2021, Manes fue el candidato radical que compiti\u00f3 en la interna de Juntos contra el entonces candidato \u00fanico de PRO, Santilli. Otros tiempos.<\/p>\n\n\n\n<p>Hoy, esos intendentes del interior bonaerense son los que, encuestas en mano, presionan para ir en una boleta que encabece Bullrich. El candidato a gobernador, insisten, importa poco. El corte hist\u00f3rico de boleta en la provincia es de 2,5 puntos y en esta elecci\u00f3n ese cargo quedar\u00e1 en el sexto lugar de la n\u00f3mina. Arrastra el primero, aseguran. Se sabe, la performance de Larreta es mejor que la de Bullrich en el conurbano bonaerense, no as\u00ed en el interior.<\/p>\n\n\n\n<p>Este \u00faltimo dato es anotado tambien por los intendentes amarillos. En la \u00faltima semana,<strong>&nbsp;Bullrich sum\u00f3 a su fila a los jefes comunales<\/strong>&nbsp;de Dolores, 9 de Julio y General Villegas , quienes hasta hace un mes trabajaban codo a codo con Santilli. Habr\u00eda que prestar atenci\u00f3n, tambi\u00e9n, a las activas cuentas de Twitter de los intendentes de Olavarr\u00eda, Ezequiel Galli y Jun\u00edn, Pablo Petrecca.<\/p>\n\n\n\n<p>\u201cLarreta viene de sacarse la foto con los Rodriguez Sa\u00e1 en San Luis y de sumar a Espert en la provincia, de qu\u00e9 ideolog\u00eda hablan.&nbsp;<strong>Ac\u00e1 lo que se est\u00e1 disputando es poder, no ideolog\u00eda<\/strong>\u201d, se\u00f1alaba un radical al que, parece, algunos todav\u00eda le reprochan encolumnar el partido en la provincia detr\u00e1s de la opci\u00f3n m\u00e1s dura del PRO.<\/p>\n","protected":false},"excerpt":{"rendered":"<p>Los dirigentes van tomando sus primeras definiciones de peso a horas del cierre de alianzas. Javier Milei ahora busca candidato en la Provincia. Entramos en tiempo de definiciones. Y sin&hellip; <\/p>\n","protected":false},"author":8,"featured_media":67354,"comment_status":"closed","ping_status":"open","sticky":false,"template":"","format":"standard","meta":{"footnotes":""},"categories":[10],"tags":[],"class_list":["post-67353","post","type-post","status-publish","format-standard","has-post-thumbnail","hentry","category-nacionales"],"_links":{"self":[{"href":"https:\/\/corrientesdetarde.com\/index.php\/wp-json\/wp\/v2\/posts\/67353","targetHints":{"allow":["GET"]}}],"collection":[{"href":"https:\/\/corrientesdetarde.com\/index.php\/wp-json\/wp\/v2\/posts"}],"about":[{"href":"https:\/\/corrientesdetarde.com\/index.php\/wp-json\/wp\/v2\/types\/post"}],"author":[{"embeddable":true,"href":"https:\/\/corrientesdetarde.com\/index.php\/wp-json\/wp\/v2\/users\/8"}],"replies":[{"embeddable":true,"href":"https:\/\/corrientesdetarde.com\/index.php\/wp-json\/wp\/v2\/comments?post=67353"}],"version-history":[{"count":1,"href":"https:\/\/corrientesdetarde.com\/index.php\/wp-json\/wp\/v2\/posts\/67353\/revisions"}],"predecessor-version":[{"id":67355,"href":"https:\/\/corrientesdetarde.com\/index.php\/wp-json\/wp\/v2\/posts\/67353\/revisions\/67355"}],"wp:featuredmedia":[{"embeddable":true,"href":"https:\/\/corrientesdetarde.com\/index.php\/wp-json\/wp\/v2\/media\/67354"}],"wp:attachment":[{"href":"https:\/\/corrientesdetarde.com\/index.php\/wp-json\/wp\/v2\/media?parent=67353"}],"wp:term":[{"taxonomy":"category","embeddable":true,"href":"https:\/\/corrientesdetarde.com\/index.php\/wp-json\/wp\/v2\/categories?post=67353"},{"taxonomy":"post_tag","embeddable":true,"href":"https:\/\/corrientesdetarde.com\/index.php\/wp-json\/wp\/v2\/tags?post=67353"}],"curies":[{"name":"wp","href":"https:\/\/api.w.org\/{rel}","templated":true}]}}