{"id":67356,"date":"2023-06-14T16:22:24","date_gmt":"2023-06-14T19:22:24","guid":{"rendered":"https:\/\/corrientesdetarde.com\/?p=67356"},"modified":"2023-06-14T16:22:27","modified_gmt":"2023-06-14T19:22:27","slug":"la-dpec-realizara-trabajos-de-mejoras-esquina-ita-ibate-capital-y-san-luis-del-palmar","status":"publish","type":"post","link":"https:\/\/corrientesdetarde.com\/index.php\/informacion-general\/la-dpec-realizara-trabajos-de-mejoras-esquina-ita-ibate-capital-y-san-luis-del-palmar\/","title":{"rendered":"La DPEC realizar\u00e1 trabajos de mejoras Esquina, It\u00e1 Ibat\u00e9, Capital y San Luis del Palmar"},"content":{"rendered":"\n<p>La Direcci\u00f3n Provincial de Energ\u00eda de Corrientes (DPEC) informa que con motivo de realizar mejoras en el servicio, se ejecutar\u00e1n tareas de mantenimiento y poda sobre la traza de L\u00edneas de Media Tensi\u00f3n (LMT), por lo cual se interrumpir\u00e1 el suministro de energ\u00eda el\u00e9ctrica en la localidad de&nbsp;Esquina, este Jueves 15\/06\/23&nbsp;de 14:00 a 17:30 Hs. en las zonas: calle Benedicto Barrios y Los Aromos, B\u00b0 La Balanza, Arroyo Vega, Pueblo Libertador, Guayquirar\u00f3, Parajes Cuchillas, Sarand\u00ed, Coronel Schweizer y Paso Cejas.<\/p>\n\n\n\n<p><strong>It\u00e1 Ibat\u00e9<\/strong><\/p>\n\n\n\n<p>La Direcci\u00f3n Provincial de Energ\u00eda de Corrientes (DPEC) informa que con motivo de realizar mejoras en el servicio, se ejecutar\u00e1n tareas de mantenimiento en L\u00edneas de Media Tensi\u00f3n (LMT), por lo cual se interrumpir\u00e1 el suministro de energ\u00eda el\u00e9ctrica en la localidad de&nbsp;<strong>It\u00e1 Ibat\u00e9<\/strong>, este &nbsp;Jueves 15\/06\/23 de &nbsp;14:00 a 17:00 Hs.<\/p>\n\n\n\n<p><strong>Capital<\/strong><\/p>\n\n\n\n<p>La Direcci\u00f3n Provincial de Energ\u00eda de Corrientes (DPEC) informa que con motivo de realizar mejoras en el servicio, se ejecutar\u00e1n tareas de mantenimiento en L\u00edneas de Media Tensi\u00f3n (LMT), por lo cual se interrumpir\u00e1 el suministro de energ\u00eda el\u00e9ctrica en la ciudad&nbsp;<strong>Capital<\/strong>, este<\/p>\n\n\n\n<p>Jueves 15\/06\/23 de 09:00 a 10:30 Hs.<\/p>\n\n\n\n<p>en las zonas: B\u00b0 Molina Punta, B\u00b0 Docente, B\u00b0 Profesionales y zonas de influencia.<\/p>\n\n\n\n<p><strong>San Luis del Palmar<\/strong><\/p>\n\n\n\n<p>La Direcci\u00f3n Provincial de Energ\u00eda de Corrientes (DPEC) informa que con motivo de realizar mejoras en el servicio, se ejecutar\u00e1n tareas de montaje de nueva L\u00edneas de Media Tensi\u00f3n (LMT), por lo cual se interrumpir\u00e1 el suministro de energ\u00eda el\u00e9ctrica en la localidad de&nbsp;<strong>San Luis del Palmar,<\/strong>&nbsp;este Jueves 15\/06\/23 de 13:00 a 16:00 Hs. en las zonas B\u00ba San Pantale\u00f3n, B\u00ba 184 Viviendas, B\u00ba Itat\u00ed, Escuela N\u00ba 812 y zonas Rurales.<\/p>\n","protected":false},"excerpt":{"rendered":"<p>La Direcci\u00f3n Provincial de Energ\u00eda de Corrientes (DPEC) informa que con motivo de realizar mejoras en el servicio, se ejecutar\u00e1n tareas de mantenimiento y poda sobre la traza de L\u00edneas&hellip; <\/p>\n","protected":false},"author":8,"featured_media":67357,"comment_status":"closed","ping_status":"open","sticky":false,"template":"","format":"standard","meta":{"footnotes":""},"categories":[1],"tags":[],"class_list":["post-67356","post","type-post","status-publish","format-standard","has-post-thumbnail","hentry","category-informacion-general"],"_links":{"self":[{"href":"https:\/\/corrientesdetarde.com\/index.php\/wp-json\/wp\/v2\/posts\/67356","targetHints":{"allow":["GET"]}}],"collection":[{"href":"https:\/\/corrientesdetarde.com\/index.php\/wp-json\/wp\/v2\/posts"}],"about":[{"href":"https:\/\/corrientesdetarde.com\/index.php\/wp-json\/wp\/v2\/types\/post"}],"author":[{"embeddable":true,"href":"https:\/\/corrientesdetarde.com\/index.php\/wp-json\/wp\/v2\/users\/8"}],"replies":[{"embeddable":true,"href":"https:\/\/corrientesdetarde.com\/index.php\/wp-json\/wp\/v2\/comments?post=67356"}],"version-history":[{"count":1,"href":"https:\/\/corrientesdetarde.com\/index.php\/wp-json\/wp\/v2\/posts\/67356\/revisions"}],"predecessor-version":[{"id":67358,"href":"https:\/\/corrientesdetarde.com\/index.php\/wp-json\/wp\/v2\/posts\/67356\/revisions\/67358"}],"wp:featuredmedia":[{"embeddable":true,"href":"https:\/\/corrientesdetarde.com\/index.php\/wp-json\/wp\/v2\/media\/67357"}],"wp:attachment":[{"href":"https:\/\/corrientesdetarde.com\/index.php\/wp-json\/wp\/v2\/media?parent=67356"}],"wp:term":[{"taxonomy":"category","embeddable":true,"href":"https:\/\/corrientesdetarde.com\/index.php\/wp-json\/wp\/v2\/categories?post=67356"},{"taxonomy":"post_tag","embeddable":true,"href":"https:\/\/corrientesdetarde.com\/index.php\/wp-json\/wp\/v2\/tags?post=67356"}],"curies":[{"name":"wp","href":"https:\/\/api.w.org\/{rel}","templated":true}]}}