{"id":67363,"date":"2023-06-14T16:41:36","date_gmt":"2023-06-14T19:41:36","guid":{"rendered":"https:\/\/corrientesdetarde.com\/?p=67363"},"modified":"2023-06-14T16:41:44","modified_gmt":"2023-06-14T19:41:44","slug":"la-fundacion-de-george-clooney-pidio-a-la-justicia-argentina-investigar-violaciones-a-los-ddhh-en-venezuela","status":"publish","type":"post","link":"https:\/\/corrientesdetarde.com\/index.php\/internacionales\/la-fundacion-de-george-clooney-pidio-a-la-justicia-argentina-investigar-violaciones-a-los-ddhh-en-venezuela\/","title":{"rendered":"La Fundaci\u00f3n de George Clooney pidi\u00f3 a la justicia argentina investigar violaciones a los DDHH en Venezuela"},"content":{"rendered":"\n<p>Dijo que nuestro pa\u00eds puede convertirse en un faro de esperanza para las muchas familias y v\u00edctimas venezolanas que han estado esperando justicia durante a\u00f1os,<\/p>\n\n\n\n<p>La Fundaci\u00f3n Clooney para la Justicia (CFJ), creada por el actor de Hollywood George Clooneyy su esposa, la activista y abogada\u00a0<strong>Amal Ramzi Alam Uddin<\/strong>, m\u00e1s conocida como\u00a0Amal Clooney, pidi\u00f3 a la justicia argentina investigar \u201clas sistematicas y graves violaciones a los Derechos Humanos\u201d atribuidas por la ONU y la propia ONG al gobierno de Nicol\u00e1s Maduro en\u00a0Venezuela\u00a0\u201ccon base en el principio de jurisdicci\u00f3n universal\u201d.<\/p>\n\n\n\n<p>El pedido, conocido este mi\u00e9rcoles, \u201ces un importante paso para garantizar los derechos a la verdad, la justicia y la reparaci\u00f3n para v\u00edctimas de graves violaciones a los derechos humanos en Venezuela\u201d, dijo Amnist\u00eda Internacional en un comunicado.<\/p>\n\n\n\n<p>Seg\u00fan la presentaci\u00f3n, \u201clas pruebas presentadas por CFJ apuntan a la posible responsabilidad penal de las fuerzas de seguridad venezolanas en la comisi\u00f3n de cr\u00edmenes de lesa humanidad contra v\u00edctimas vinculadas o percibidas como vinculadas a la oposici\u00f3n pol\u00edtica del gobierno\u201d.<\/p>\n\n\n\n<p>El equipo jur\u00eddico de la ONG representa a los familiares de \u201cdos v\u00edctimas de violencia y asesinatos indiscriminados en su \u00faltimo esfuerzo para apoyar a los sobrevivientes y hacer que los perpetradores rindan cuentas m\u00e1s all\u00e1 de la frontera de Venezuela\u201d, afirm\u00f3 la Fundaci\u00f3n en una nota.<\/p>\n\n\n\n<h2 class=\"wp-block-heading\">Qu\u00e9 dice el pedido de la Fundaci\u00f3n Clooney ante la justicia argentina<\/h2>\n\n\n\n<p><strong>Yasmine Chubin<\/strong>, directora de Defensa Legal de la fundaci\u00f3n, dijo que \u201cel sistema de justicia venezolano est\u00e1 fallando a las v\u00edctimas de atrocidades masivas en su lucha por la justicia\u201d.<\/p>\n\n\n\n<p>\u201cEs por eso que estamos ayudando a los sobrevivientes y sus familias a reunir evidencia de los cr\u00edmenes cometidos en su contra y buscar jurisdicciones alternativas para garantizar que los perpetradores de estos cr\u00edmenes rindan cuentas\u201d, agreg\u00f3.<\/p>\n\n\n\n<figure class=\"wp-block-image\"><img decoding=\"async\" src=\"https:\/\/tn.com.ar\/resizer\/z-W_o7MTM9FEdleqblFmg33cOKI=\/767x0\/smart\/filters:format(webp)\/cloudfront-us-east-1.images.arcpublishing.com\/artear\/S2AOPT22V3B7BXRSWQUJRAWH4Q.jpg\" alt=\"ARCHIVO - El presidente de Venezuela, Nicol\u00e1s Maduro (AP Foto\/Andre Penner, Archivo)\"\/><\/figure>\n\n\n\n<p>Seg\u00fan la fundaci\u00f3n creada por el reconocido actor estadounidense y su esposa, \u201cdesde 2014, cuando comenzaron estos cr\u00edmenes, las autoridades venezolanas no han iniciado investigaciones efectivas sobre los presuntos cr\u00edmenes internacionales, incluidos<strong>&nbsp;asesinato, tortura, violencia sexual y detenci\u00f3n arbitraria<\/strong>, cometidos por funcionarios venezolanos.<\/p>\n\n\n\n<h2 class=\"wp-block-heading\">Por qu\u00e9 el pedido se realiza ante la justicia argentina<\/h2>\n\n\n\n<p>Sobre el motivo de la presentaci\u00f3n en Argentina, el comunicado se\u00f1al\u00f3 que \u201cla jurisdicci\u00f3n universal permite a los pa\u00edses enjuiciar los delitos m\u00e1s graves, independientemente de d\u00f3nde se hayan cometido y de la nacionalidad del perpetrador o de la v\u00edctima\u201d.<\/p>\n\n\n\n<p>\u201cArgentina es una jurisdicci\u00f3n apropiada dada su ya bien establecida dependencia de la jurisdicci\u00f3n universal. El sistema de justicia federal argentino ha aplicado previamente el principio de jurisdicci\u00f3n universal a casos en lo que ahora es una s\u00f3lida l\u00ednea de precedentes\u201d, indic\u00f3.<\/p>\n\n\n\n<p>Al respecto, mencion\u00f3 que \u201cen 2010 un juez federal argentino inici\u00f3 una investigaci\u00f3n penal por presuntos cr\u00edmenes de lesa humanidad cometidos en Espa\u00f1a por el r\u00e9gimen de Franco (1936-1977). Esto condujo a una orden de exhumaci\u00f3n por parte del tribunal que permiti\u00f3 a la hija de una v\u00edctima recuperar los restos de su padre, algo que los tribunales espa\u00f1oles no hab\u00edan cumplido\u201d.<\/p>\n\n\n\n<p>Adem\u00e1s, record\u00f3 que \u201cen 2021, aplicando nuevamente la jurisdicci\u00f3n universal, un juez federal argentino inici\u00f3 una investigaci\u00f3n sobre el presunto genocidio cometido contra la comunidad rohingya en Myanmar.<\/p>\n\n\n\n<figure class=\"wp-block-image\"><img decoding=\"async\" src=\"https:\/\/tn.com.ar\/resizer\/rMR122oztLWLsPx4Xa7PRWR3NHk=\/767x0\/smart\/filters:format(webp)\/cloudfront-us-east-1.images.arcpublishing.com\/artear\/YYISF7HXMTDJZAKG3ATGVEK4DQ.jpg\" alt=\"Amal Clooney y George Clooney, fundadores de la Fundaci\u00f3n Clooney por la Justicia (Foto: REUTERS\/Mario Anzuoni)\"\/><\/figure>\n\n\n\n<p>\u201c<strong>Argentina puede convertirse en un faro de esperanza para las muchas familias y v\u00edctimas venezolanas<\/strong>&nbsp;que han estado esperando justicia durante a\u00f1os\u201d, dijo&nbsp;<strong>Ignacio Jovtis<\/strong>, gerente s\u00e9nior de programas que dirige las investigaciones de CFJ sobre Venezuela.<\/p>\n\n\n\n<p>\u201cEsperamos que el sistema de justicia argentino contin\u00fae aplicando correctamente la jurisdicci\u00f3n universal y abra una v\u00eda para las v\u00edctimas venezolanas y sus familias de la misma manera que lo ha hecho en los dem\u00e1s casos de jurisdicci\u00f3n universal ante ella\u201d, asegur\u00f3.<\/p>\n\n\n\n<h2 class=\"wp-block-heading\">El respaldo de Amnist\u00eda Internacional<\/h2>\n\n\n\n<p>En tanto, Amnist\u00eda Internacional dijo que \u201cla presentaci\u00f3n hecha ante la justicia federal argentina por familiares de v\u00edctimas de cr\u00edmenes de lesa humanidad y la Clooney Foundation for Justice, sobre cr\u00edmenes de derecho internacional cometidos por las autoridades venezolanas,&nbsp;<strong>es un importante paso<\/strong>&nbsp;para garantizar los derechos a la verdad, la justicia y la reparaci\u00f3n para v\u00edctimas de graves violaciones a los derechos humanos en Venezuela\u201d.<\/p>\n\n\n\n<p>\u201cAnte la demanda penal interpuesta en Argentina por familiares de v\u00edctimas de cr\u00edmenes de lesa humanidad cometidos en Venezuela, la justicia argentina tiene la obligaci\u00f3n de investigar estos cr\u00edmenes y, de hallarse pruebas suficientes y admisibles, debe acusar y condenar a los presuntos perpetradores. Los tit\u00e1nicos esfuerzos de las v\u00edctimas para obtener verdad, justicia y reparaci\u00f3n, ante la impunidad imperante en Venezuela, con el valioso apoyo de organizaciones como la Clooney Foundation for Justice, no pueden caer en o\u00eddos sordos\u201d, a\u00f1adi\u00f3.<\/p>\n\n\n\n<p>Adem\u00e1s, se\u00f1al\u00f3 que \u201cla justicia federal de Argentina no puede darles la espalda a las v\u00edctimas; por el contrario, debe abrir la puerta a la jurisdicci\u00f3n universal y generar un precedente importante para que otros pa\u00edses de la regi\u00f3n sigan el mismo curso de acci\u00f3n\u201d.<\/p>\n\n\n\n<h2 class=\"wp-block-heading\">Qu\u00e9 dice el informe de la ONU sobre violaciones a los derechos humanos en Venezuela<\/h2>\n\n\n\n<p>En septiembre de 2022, la Misi\u00f3n Internacional independiente de las Naciones Unidas public\u00f3 un demoledor informe donde identific\u00f3 la&nbsp;<strong>cadena de mando de los presuntos responsables por cr\u00edmenes de lesa humanidad&nbsp;<\/strong>atribuidos a Venezuela.<\/p>\n\n\n\n<p>Entre los se\u00f1alados est\u00e1n el propio presidente Maduro, su vice Delcy Rodr\u00edguez, el diputado\u00a0Diosdao Cabello\u2013segundo del Partido Socialista venezolano- y los directores de la temible Direcci\u00f3n General de Contrainteligencia Militar (<strong>DGCIM<\/strong>) y el Servicio Bolivariano de Inteligencia (<strong>SEBIN<\/strong>). Todos, seg\u00fan la ONU,\u00a0<strong>participaron de una \u201cmaquinaria\u201d para \u201creprimir la disidencia\u201d<\/strong>.<\/p>\n\n\n\n<p>Los detalles son desgarradores y generan fuerte sensibilidad. Los testimonios son incluso peores, seg\u00fan relatan los miembros de la misi\u00f3n.&nbsp;<strong>Hubo 246 entrevistas confidenciales a las v\u00edctimas<\/strong>, sus familiares y exfuncionarios de los servicios de seguridad e inteligencia.<\/p>\n\n\n\n<p>Las denuncias de cr\u00edmenes de lesa humanidad y violaciones a los derechos humanos se basan en cuatro ejes: violencia f\u00edsica; violencia sexual y de g\u00e9nero; condiciones de detenci\u00f3n; y violencia psicol\u00f3gica y otros<\/p>\n","protected":false},"excerpt":{"rendered":"<p>Dijo que nuestro pa\u00eds puede convertirse en un faro de esperanza para las muchas familias y v\u00edctimas venezolanas que han estado esperando justicia durante a\u00f1os, La Fundaci\u00f3n Clooney para la&hellip; <\/p>\n","protected":false},"author":8,"featured_media":67364,"comment_status":"closed","ping_status":"open","sticky":false,"template":"","format":"standard","meta":{"footnotes":""},"categories":[11],"tags":[],"class_list":["post-67363","post","type-post","status-publish","format-standard","has-post-thumbnail","hentry","category-internacionales"],"_links":{"self":[{"href":"https:\/\/corrientesdetarde.com\/index.php\/wp-json\/wp\/v2\/posts\/67363","targetHints":{"allow":["GET"]}}],"collection":[{"href":"https:\/\/corrientesdetarde.com\/index.php\/wp-json\/wp\/v2\/posts"}],"about":[{"href":"https:\/\/corrientesdetarde.com\/index.php\/wp-json\/wp\/v2\/types\/post"}],"author":[{"embeddable":true,"href":"https:\/\/corrientesdetarde.com\/index.php\/wp-json\/wp\/v2\/users\/8"}],"replies":[{"embeddable":true,"href":"https:\/\/corrientesdetarde.com\/index.php\/wp-json\/wp\/v2\/comments?post=67363"}],"version-history":[{"count":1,"href":"https:\/\/corrientesdetarde.com\/index.php\/wp-json\/wp\/v2\/posts\/67363\/revisions"}],"predecessor-version":[{"id":67365,"href":"https:\/\/corrientesdetarde.com\/index.php\/wp-json\/wp\/v2\/posts\/67363\/revisions\/67365"}],"wp:featuredmedia":[{"embeddable":true,"href":"https:\/\/corrientesdetarde.com\/index.php\/wp-json\/wp\/v2\/media\/67364"}],"wp:attachment":[{"href":"https:\/\/corrientesdetarde.com\/index.php\/wp-json\/wp\/v2\/media?parent=67363"}],"wp:term":[{"taxonomy":"category","embeddable":true,"href":"https:\/\/corrientesdetarde.com\/index.php\/wp-json\/wp\/v2\/categories?post=67363"},{"taxonomy":"post_tag","embeddable":true,"href":"https:\/\/corrientesdetarde.com\/index.php\/wp-json\/wp\/v2\/tags?post=67363"}],"curies":[{"name":"wp","href":"https:\/\/api.w.org\/{rel}","templated":true}]}}