{"id":67366,"date":"2023-06-14T16:45:40","date_gmt":"2023-06-14T19:45:40","guid":{"rendered":"https:\/\/corrientesdetarde.com\/?p=67366"},"modified":"2023-06-14T16:45:44","modified_gmt":"2023-06-14T19:45:44","slug":"wanda-nara-sorprendio-a-sus-hijos-y-cerro-un-cine-para-que-pudieran-ver-la-sirenita-en-familia","status":"publish","type":"post","link":"https:\/\/corrientesdetarde.com\/index.php\/espectaculos\/wanda-nara-sorprendio-a-sus-hijos-y-cerro-un-cine-para-que-pudieran-ver-la-sirenita-en-familia\/","title":{"rendered":"Wanda Nara sorprendi\u00f3 a sus hijos y cerr\u00f3 un cine para que pudieran ver \u201cLa Sirenita\u201d en familia"},"content":{"rendered":"\n<p>La medi\u00e1tica y Mauro Icardi decidieron disfrutar una inusual salida y registraron el momento en sus redes sociales.<\/p>\n\n\n\n<p>Wanda Nara y Mauro Icardi apostaron por una salida en familia distinta:\u00a0<strong>decidieron cerrar un cine para ver<\/strong><em><strong>\u00a0La Sirenita<\/strong><\/em><strong>\u00a0con sus hijos<\/strong>. A trav\u00e9s de su cuenta oficial de Instagram, la medi\u00e1tica comparti\u00f3 la felicidad de sus peque\u00f1os al descubrir que estaban completamente solos en la sala.<\/p>\n\n\n\n<p>En las im\u00e1genes que public\u00f3 en sus redes sociales, la conductora mostr\u00f3 la alegr\u00eda de Isabella, Francesca, Constantino y Benedicto cuando\u00a0<strong>descubrieron que ten\u00edan el cine para ellos solos<\/strong>. Por supuesto, los peque\u00f1os pudieron disfrutar de los snacks t\u00edpicos para ver pel\u00edculas y en la historia que comparti\u00f3 su mam\u00e1\u00a0<strong>se los vio tomando gaseosas y comiendo pochoclos<\/strong>.<\/p>\n\n\n\n<p>Para&nbsp;<strong>sumarle comodidad a la cita familiar<\/strong>, Wanda Nara grab\u00f3 el look que llev\u00f3: pantalones holgados de jogging, sweater oversize y pantuflas. Acompa\u00f1\u00f3 el video con la m\u00fasica del&nbsp;<em>soundtrack&nbsp;<\/em>del film que se estren\u00f3 la semana pasada.<\/p>\n\n\n\n<figure class=\"wp-block-image\"><img decoding=\"async\" src=\"https:\/\/tn.com.ar\/resizer\/jRP5y-c5C-_eVXzGmzr0vnmVQ3U=\/767x0\/smart\/filters:format(webp)\/cloudfront-us-east-1.images.arcpublishing.com\/artear\/AZ7BQD3QY5BU5MV4OFAG2T7IKI.JPG\" alt=\"Wanda Nara cerr\u00f3 un cine para ver &quot;La Sirenita&quot; en familia (Foto: Instagram \/ wanda_nara)\"\/><figcaption>Wanda Nara cerr\u00f3 un cine para ver &#8220;La Sirenita&#8221; en familia (Foto: Instagram \/ wanda_nara)<\/figcaption><\/figure>\n\n\n\n<h2 class=\"wp-block-heading\">El confidente de Wanda Nara habl\u00f3 de los cara a cara entre Mauro Icardi y Maxi L\u00f3pez tras el fin de su amistad<\/h2>\n\n\n\n<p>Uno de los hombres que m\u00e1s sabe y conoce a\u00a0Wanda Nara estuvo este martes como invitado en\u00a0<em>LAM (Am\u00e9rica)<\/em>. Se trata de\u00a0Kennys Palacios, su estilista y confidente.<\/p>\n\n\n\n<p>En di\u00e1logo con las panelistas del ciclo, uno de los temas que toc\u00f3 fue la relaci\u00f3n que mantienen&nbsp;<strong>Maxi L\u00f3pez<\/strong>&nbsp;y&nbsp;<strong>Mauro Icard<\/strong>i, el exmarido y el actual de la medi\u00e1tica. Al peluquero no le qued\u00f3 otra opci\u00f3n que responder y<strong>&nbsp;dio detalles sobre los esos encuentros entre los exfutbolistas<\/strong>, quienes supieron ser mejores amigos.<\/p>\n\n\n\n<figure class=\"wp-block-image\"><img decoding=\"async\" src=\"https:\/\/tn.com.ar\/resizer\/MMAReIp6NmUYYG2Uw5lVuRadC2E=\/767x0\/smart\/filters:format(webp)\/cloudfront-us-east-1.images.arcpublishing.com\/artear\/UOELP5LJ7FEGJNT5TRX2N6G4DU.png\" alt=\"Mauro Icardi mantiene muy buena relaci\u00f3n con los tres hijos de Wanda Nara y Maxi L\u00f3pez (Foto: Instagram \/ mauroicardi)\"\/><\/figure>\n\n\n\n<p>\u00c1ngel de Brito, conductor del programa, fue directo y le pregunto: \u201c\u00bfQu\u00e9 pasa cuando se encuentran Maxi y Mauro?\u201d. Acorralado, Kennys contest\u00f3: \u201cNada. Se han encontrado un par de veces, pero no pasa absolutamente nada.&nbsp;<strong>Se saludan por cordialidad y despu\u00e9s nada<\/strong>\u201d.<\/p>\n\n\n\n<p>Recientemente, Maxi L\u00f3pez, pap\u00e1 de Benedicto, Constantino y Valentino, frutos de su relaci\u00f3n con Wanda Nara, revel\u00f3 si estar\u00eda dispuesto a tener una cena con su examigo Mauro Icardi. \u201c<strong>\u00a1No, no me pregunten!<\/strong>&#8230; Nos sentamos con los chicos porque est\u00e1 la mam\u00e1, yo soy el pap\u00e1 y Mauro se sentar\u00e1 con ella y con sus nenas. Es que no la organic\u00e9 yo y no creo que la vaya a organizar. Que vayan a comer adonde quieran\u201d, respondi\u00f3 furioso.<\/p>\n","protected":false},"excerpt":{"rendered":"<p>La medi\u00e1tica y Mauro Icardi decidieron disfrutar una inusual salida y registraron el momento en sus redes sociales. Wanda Nara y Mauro Icardi apostaron por una salida en familia distinta:\u00a0decidieron&hellip; <\/p>\n","protected":false},"author":8,"featured_media":67367,"comment_status":"closed","ping_status":"open","sticky":false,"template":"","format":"standard","meta":{"footnotes":""},"categories":[19],"tags":[],"class_list":["post-67366","post","type-post","status-publish","format-standard","has-post-thumbnail","hentry","category-espectaculos"],"_links":{"self":[{"href":"https:\/\/corrientesdetarde.com\/index.php\/wp-json\/wp\/v2\/posts\/67366","targetHints":{"allow":["GET"]}}],"collection":[{"href":"https:\/\/corrientesdetarde.com\/index.php\/wp-json\/wp\/v2\/posts"}],"about":[{"href":"https:\/\/corrientesdetarde.com\/index.php\/wp-json\/wp\/v2\/types\/post"}],"author":[{"embeddable":true,"href":"https:\/\/corrientesdetarde.com\/index.php\/wp-json\/wp\/v2\/users\/8"}],"replies":[{"embeddable":true,"href":"https:\/\/corrientesdetarde.com\/index.php\/wp-json\/wp\/v2\/comments?post=67366"}],"version-history":[{"count":1,"href":"https:\/\/corrientesdetarde.com\/index.php\/wp-json\/wp\/v2\/posts\/67366\/revisions"}],"predecessor-version":[{"id":67368,"href":"https:\/\/corrientesdetarde.com\/index.php\/wp-json\/wp\/v2\/posts\/67366\/revisions\/67368"}],"wp:featuredmedia":[{"embeddable":true,"href":"https:\/\/corrientesdetarde.com\/index.php\/wp-json\/wp\/v2\/media\/67367"}],"wp:attachment":[{"href":"https:\/\/corrientesdetarde.com\/index.php\/wp-json\/wp\/v2\/media?parent=67366"}],"wp:term":[{"taxonomy":"category","embeddable":true,"href":"https:\/\/corrientesdetarde.com\/index.php\/wp-json\/wp\/v2\/categories?post=67366"},{"taxonomy":"post_tag","embeddable":true,"href":"https:\/\/corrientesdetarde.com\/index.php\/wp-json\/wp\/v2\/tags?post=67366"}],"curies":[{"name":"wp","href":"https:\/\/api.w.org\/{rel}","templated":true}]}}