{"id":67369,"date":"2023-06-14T16:53:57","date_gmt":"2023-06-14T19:53:57","guid":{"rendered":"https:\/\/corrientesdetarde.com\/?p=67369"},"modified":"2023-06-14T17:08:59","modified_gmt":"2023-06-14T20:08:59","slug":"el-dolar-blue-se-acerca-a-los-500-las-razones-detras-del-nuevo-salto","status":"publish","type":"post","link":"https:\/\/corrientesdetarde.com\/index.php\/economia\/el-dolar-blue-se-acerca-a-los-500-las-razones-detras-del-nuevo-salto\/","title":{"rendered":"El d\u00f3lar blue se acerca a los $500: las razones detr\u00e1s del nuevo salto"},"content":{"rendered":"\n<p>Solo dos meses despu\u00e9s de haber superado la barrera de los $400, la cotizaci\u00f3n informal busca quebrar un nuevo m\u00e1ximo. La incertidumbre pol\u00edtica se suma a un escenario complejo mientras la negociaci\u00f3n con el FMI se posterga.<a href=\"https:\/\/tn.com.ar\/autor\/memanfredi\/\"><\/a><\/p>\n\n\n\n<p>El&nbsp;<strong>d\u00f3lar blue &nbsp;se acerca nuevamente a los $500<\/strong>, antes de la difusi\u00f3n del&nbsp;datos de inflaci\u00f3n de Mayo y el&nbsp;cierre de alianzas&nbsp;de cara a las elecciones&nbsp;<strong>PASO 2023<\/strong>. La&nbsp;tasa en peso 97%&nbsp;no es suficiente para convencer a los ahorristas de no dolarizarse antes de votar.<\/p>\n\n\n\n<p>Por el contrario, la demanda de d\u00f3lares sigue vigente y la&nbsp;<strong>oferta<\/strong>&nbsp;en el mercado paralelo est\u00e1&nbsp;<strong>retra\u00edda<\/strong>: con menos vendedores que compradores, la cotizaci\u00f3n se recalent\u00f3<strong>&nbsp;y acumula un alza de $12 en los \u00faltimos dos d\u00edas<\/strong>.<\/p>\n\n\n\n<p>Por la tarde de este mi\u00e9rcoles,&nbsp;<strong>el d\u00f3lar blue lleg\u00f3 a los $496&nbsp;<\/strong>y super\u00f3 el valor r\u00e9cord de $495 que hab\u00eda marcado a fines de abril. Por su parte, el m\u00e1ximo precio intradiario que toc\u00f3 la divisa paralela en aquel momento fue de $497.<\/p>\n\n\n\n<p>As\u00ed, a&nbsp;solo dos meses de haber cruzado la barrera de los $400, el d\u00f3lar paralelo&nbsp;<strong>roza nuevamente a los $500<\/strong>. Entre las razones que explican la disparada, se pueden mencionar:<\/p>\n\n\n\n<ul class=\"wp-block-list\"><li>Las&nbsp;expectativas de la inflaci\u00f3n &nbsp;para los pr\u00f3ximos meses que, pese a que se espera una desaceleraci\u00f3n en el dato de mayo, contin\u00faan&nbsp;<strong>altas<\/strong>.<\/li><li>La situaci\u00f3n patrimonial del Banco Central, que sigue con&nbsp;<strong>reservas negativas<\/strong>, y sin desembolsos del&nbsp;<strong>FMI<\/strong>&nbsp;a la vista.<\/li><li>La&nbsp;incertidumbre por el cierre de las listas para las elecciones 2023.<\/li><li>La&nbsp;<strong>suba de los d\u00f3lares financieros<\/strong>, en particular, del contado con liquidaci\u00f3n, que ya&nbsp;<strong>pas\u00f3 los $500<\/strong>.<\/li><\/ul>\n\n\n\n<h2 class=\"wp-block-heading\">Inflaci\u00f3n desbocada<\/h2>\n\n\n\n<p>La escalada del billete paralelo comenz\u00f3 en la previa de la publicaci\u00f3n del dato de&nbsp;<strong>inflaci\u00f3n de mayo<\/strong>. Aunque esta vez se espera una cifra menor a la de abril, que&nbsp;sorprendio para mal el 8,4 %, el mercado ya prev\u00e9 que el \u00cdndice de Precios al Consumidor (IPC)&nbsp;se actualize a un ritmo promedio mensual de alrededor del 8 % en lo que resta del a\u00f1o.<\/p>\n\n\n\n<figure class=\"wp-block-image\"><img decoding=\"async\" src=\"https:\/\/tn.com.ar\/resizer\/YnfGvs1hF8p3JbFqgV6WjMyiwj4=\/767x0\/smart\/filters:format(webp)\/cloudfront-us-east-1.images.arcpublishing.com\/artear\/MREJVMSJOZG2HNUK72Y242XKGI.jpg\" alt=\"El programa Precios Justos no logra controlar el aumento de la canasta b\u00e1sica. (Foto: NA)\"\/><\/figure>\n\n\n\n<p>Las medidas que tom\u00f3 el Gobierno hasta ahora no resultaron efectivas para controlar la escalada de precios y la disparada de las proyecciones. Una de las primeras medidas que se instrument\u00f3 fue la suba de tasas en pesos , que la llev\u00f3 de 91%&nbsp;<strong>a 97%<\/strong>. Sin embargo, el mayor rendimiento para los dep\u00f3sitos en moneda local no parece ser suficiente.<\/p>\n\n\n\n<p>\u201cEn un contexto de&nbsp;<strong>semejante brecha<\/strong>&nbsp;cambiaria,<strong>&nbsp;la tasa ya no funciona<\/strong>. Deber\u00edan subirla excesivamente para ver un efecto. Hoy, el alza es m\u00e1s para que todos los pesos que est\u00e1n colocados en Leliq (y que provienen de los plazos fijos) no se vaya a la calle o al d\u00f3lar paralelo. Es decir, es m\u00e1s para retener que para captar nuevos fondos\u201d, hab\u00eda explicado&nbsp;<strong>Mat\u00edas De Luca<\/strong>, economista de&nbsp;<em>LCG<\/em>, a&nbsp;<strong>TN<\/strong>&nbsp;en el momento en que se conoci\u00f3 la decisi\u00f3n.<\/p>\n\n\n\n<figure class=\"wp-block-image\"><img decoding=\"async\" src=\"https:\/\/tn.com.ar\/resizer\/Kc0S67MuUx60GPzfpaW50Ja_MqE=\/767x0\/smart\/filters:format(webp)\/cloudfront-us-east-1.images.arcpublishing.com\/artear\/KUSNA2Z4CZAGZEEBV2GZMQZ5FE.jpg\" alt=\"El presidente del Banco Central (BCRA), Miguel Pesce. (Foto: Ra\u00fal Ferrari\/T\u00e9lam).\"\/><\/figure>\n\n\n\n<p>El especialista explic\u00f3 que la distancia entre el d\u00f3lar oficial y los alternativos&nbsp;<strong>se ampl\u00eda en momentos de incertidumbre.&nbsp;<\/strong>\u201cLa brecha refleja el&nbsp;<strong>humor y las expectativas<\/strong>&nbsp;del p\u00fablico. Si hay confianza, se achica; si hay incertidumbre, se profundiza\u201d, sostuvo.<\/p>\n\n\n\n<h2 class=\"wp-block-heading\">Reservas en jaque y pocos avances con el FMI<\/h2>\n\n\n\n<p>Por otro lado,&nbsp;las reservan netas estan en terreno negativo por alrededor de US$1400 millones y esto genera dudas por dos frentes. En el mercado oficial, porque cada vez parece m\u00e1s&nbsp;<strong>dif\u00edcil que el Gobierno pueda evitar una devaluaci\u00f3n brusca del peso.<\/strong><\/p>\n\n\n\n<p>En el frente financiero, la falta de reservas le pone un techo a la intervenci\u00f3n del Banco Central para intentar contener el precio del d\u00f3lar MEP y el contado con liquidaci\u00f3n (CCL). Esas cotizaciones, que se obtienen mediante la compraventa de bonos en la Bolsa, act\u00faan como&nbsp;<strong>referencia para el d\u00f3lar blue.<\/strong><\/p>\n\n\n\n<figure class=\"wp-block-image\"><img decoding=\"async\" src=\"https:\/\/tn.com.ar\/resizer\/iwG4h_QkseOuSfeij1_Ja35PwLc=\/767x0\/smart\/filters:format(webp)\/cloudfront-us-east-1.images.arcpublishing.com\/artear\/7HZXP2FUJNEGNLG6HT5VVHDI2U.jfif\" alt=\"El ministro de Econom\u00eda, Sergio Massa, junto con la jefa del FMI, Kristalina Georgieva. (Foto: Twitter\/@KGeorgieva).\"\/><\/figure>\n\n\n\n<p>Se estima que el BCRA gasto entre un 20% y un 30% de los US$5086 millones que entraron por d\u00f3lar soja en esa operatoria. Con esa operaci\u00f3n, el Gobierno logr\u00f3 mantener al d\u00f3lar MEP por debajo de los $480, pero no pudo dominar al&nbsp;<strong>contado con liquidaci\u00f3n<\/strong>, que&nbsp;<strong>se mueve por arriba de los $500<\/strong>&nbsp;hace varios d\u00edas.<\/p>\n\n\n\n<p>Para peor, con el fin de mayo termin\u00f3 el tipo de cambio diferencial para los exportadores de la oleaginosa y la autoridad monetaria<strong>&nbsp;interrumpi\u00f3 su racha positiva&nbsp;<\/strong>en el mercado de cambios. En consecuencia,&nbsp;<strong>ya vendi\u00f3 US$180 millones en junio<\/strong>.<\/p>\n\n\n\n<figure class=\"wp-block-image\"><img decoding=\"async\" src=\"https:\/\/tn.com.ar\/resizer\/DuSJ9IeybjHsK6NZSiyX3EsHszc=\/767x0\/smart\/filters:format(webp)\/cloudfront-us-east-1.images.arcpublishing.com\/artear\/GWCVZYKXOBHBVMQENWOC52ONCA.jpg\" alt=\"La dolarizaci\u00f3n de los ahorros es un proceso habitual en a\u00f1os electorales. (Foto: NA)\"\/><\/figure>\n\n\n\n<p>Para intentar atacar ese frente, el Palacio de Hacienda busca anticipar los&nbsp;<strong>desembolsos del FMI<\/strong>, m\u00e1s a\u00fan teniendo en cuenta que la&nbsp;<strong>Argentina&nbsp;<\/strong>debe pagar mas de US$2600 millones a ese organismo&nbsp;<strong>entre el 21 y 22 de junio.<\/strong><\/p>\n\n\n\n<p>Aunque el Gobierno apuntaba a anunciar un entendimiento esta semana, las conversaciones virtuales se dilataron y&nbsp;<strong>Sergio Massa reci\u00e9n viajar\u00eda a Washington la semana que viene<\/strong>, ya con las alianzas electorales definidas.<\/p>\n","protected":false},"excerpt":{"rendered":"<p>Solo dos meses despu\u00e9s de haber superado la barrera de los $400, la cotizaci\u00f3n informal busca quebrar un nuevo m\u00e1ximo. La incertidumbre pol\u00edtica se suma a un escenario complejo mientras&hellip; <\/p>\n","protected":false},"author":8,"featured_media":67370,"comment_status":"closed","ping_status":"open","sticky":false,"template":"","format":"standard","meta":{"footnotes":""},"categories":[20],"tags":[],"class_list":["post-67369","post","type-post","status-publish","format-standard","has-post-thumbnail","hentry","category-economia"],"_links":{"self":[{"href":"https:\/\/corrientesdetarde.com\/index.php\/wp-json\/wp\/v2\/posts\/67369","targetHints":{"allow":["GET"]}}],"collection":[{"href":"https:\/\/corrientesdetarde.com\/index.php\/wp-json\/wp\/v2\/posts"}],"about":[{"href":"https:\/\/corrientesdetarde.com\/index.php\/wp-json\/wp\/v2\/types\/post"}],"author":[{"embeddable":true,"href":"https:\/\/corrientesdetarde.com\/index.php\/wp-json\/wp\/v2\/users\/8"}],"replies":[{"embeddable":true,"href":"https:\/\/corrientesdetarde.com\/index.php\/wp-json\/wp\/v2\/comments?post=67369"}],"version-history":[{"count":2,"href":"https:\/\/corrientesdetarde.com\/index.php\/wp-json\/wp\/v2\/posts\/67369\/revisions"}],"predecessor-version":[{"id":67383,"href":"https:\/\/corrientesdetarde.com\/index.php\/wp-json\/wp\/v2\/posts\/67369\/revisions\/67383"}],"wp:featuredmedia":[{"embeddable":true,"href":"https:\/\/corrientesdetarde.com\/index.php\/wp-json\/wp\/v2\/media\/67370"}],"wp:attachment":[{"href":"https:\/\/corrientesdetarde.com\/index.php\/wp-json\/wp\/v2\/media?parent=67369"}],"wp:term":[{"taxonomy":"category","embeddable":true,"href":"https:\/\/corrientesdetarde.com\/index.php\/wp-json\/wp\/v2\/categories?post=67369"},{"taxonomy":"post_tag","embeddable":true,"href":"https:\/\/corrientesdetarde.com\/index.php\/wp-json\/wp\/v2\/tags?post=67369"}],"curies":[{"name":"wp","href":"https:\/\/api.w.org\/{rel}","templated":true}]}}