{"id":67946,"date":"2023-06-17T15:57:58","date_gmt":"2023-06-17T18:57:58","guid":{"rendered":"https:\/\/corrientesdetarde.com\/?p=67946"},"modified":"2023-06-17T15:58:02","modified_gmt":"2023-06-17T18:58:02","slug":"caso-cecilia-habrian-encontrado-mas-huesos-en-el-campo-de-emerenciano-sena","status":"publish","type":"post","link":"https:\/\/corrientesdetarde.com\/index.php\/crimen-y-justicia\/caso-cecilia-habrian-encontrado-mas-huesos-en-el-campo-de-emerenciano-sena\/","title":{"rendered":"Caso Cecilia: habr\u00edan encontrado m\u00e1s huesos en el campo de Emerenciano Sena"},"content":{"rendered":"\n<figure class=\"wp-block-embed is-type-rich is-provider-twitter wp-block-embed-twitter\"><div class=\"wp-block-embed__wrapper\">\n<blockquote class=\"twitter-tweet\" data-width=\"550\" data-dnt=\"true\"><p lang=\"es\" dir=\"ltr\">\u00daltimo momento: habr\u00edan encontrado m\u00e1s huesos en el campo de Emerenciano Sena. All\u00ed, en la chancher\u00eda, est\u00e1n los forenses del poder judicial de C\u00f3rdoba. <br>Reitero: Fabiana Gonz\u00e1lez, no declar\u00f3 nada sobre la mec\u00e1nica de muerte y luego el descarte del cuerpo de Cecilia. <a href=\"https:\/\/t.co\/xScrbqe8jN\">pic.twitter.com\/xScrbqe8jN<\/a><\/p>&mdash; Hugo Horacio Peralta (@hhp_notas) <a href=\"https:\/\/twitter.com\/hhp_notas\/status\/1670102400730791936?ref_src=twsrc%5Etfw\">June 17, 2023<\/a><\/blockquote><script async src=\"https:\/\/platform.twitter.com\/widgets.js\" charset=\"utf-8\"><\/script>\n<\/div><\/figure>\n","protected":false},"excerpt":{"rendered":"","protected":false},"author":1,"featured_media":67958,"comment_status":"closed","ping_status":"open","sticky":false,"template":"","format":"standard","meta":{"footnotes":""},"categories":[5],"tags":[],"class_list":["post-67946","post","type-post","status-publish","format-standard","has-post-thumbnail","hentry","category-crimen-y-justicia"],"_links":{"self":[{"href":"https:\/\/corrientesdetarde.com\/index.php\/wp-json\/wp\/v2\/posts\/67946","targetHints":{"allow":["GET"]}}],"collection":[{"href":"https:\/\/corrientesdetarde.com\/index.php\/wp-json\/wp\/v2\/posts"}],"about":[{"href":"https:\/\/corrientesdetarde.com\/index.php\/wp-json\/wp\/v2\/types\/post"}],"author":[{"embeddable":true,"href":"https:\/\/corrientesdetarde.com\/index.php\/wp-json\/wp\/v2\/users\/1"}],"replies":[{"embeddable":true,"href":"https:\/\/corrientesdetarde.com\/index.php\/wp-json\/wp\/v2\/comments?post=67946"}],"version-history":[{"count":1,"href":"https:\/\/corrientesdetarde.com\/index.php\/wp-json\/wp\/v2\/posts\/67946\/revisions"}],"predecessor-version":[{"id":67959,"href":"https:\/\/corrientesdetarde.com\/index.php\/wp-json\/wp\/v2\/posts\/67946\/revisions\/67959"}],"wp:featuredmedia":[{"embeddable":true,"href":"https:\/\/corrientesdetarde.com\/index.php\/wp-json\/wp\/v2\/media\/67958"}],"wp:attachment":[{"href":"https:\/\/corrientesdetarde.com\/index.php\/wp-json\/wp\/v2\/media?parent=67946"}],"wp:term":[{"taxonomy":"category","embeddable":true,"href":"https:\/\/corrientesdetarde.com\/index.php\/wp-json\/wp\/v2\/categories?post=67946"},{"taxonomy":"post_tag","embeddable":true,"href":"https:\/\/corrientesdetarde.com\/index.php\/wp-json\/wp\/v2\/tags?post=67946"}],"curies":[{"name":"wp","href":"https:\/\/api.w.org\/{rel}","templated":true}]}}