{"id":67957,"date":"2023-06-17T15:59:22","date_gmt":"2023-06-17T18:59:22","guid":{"rendered":"https:\/\/corrientesdetarde.com\/?p=67957"},"modified":"2023-06-17T15:59:24","modified_gmt":"2023-06-17T18:59:24","slug":"la-municipalidad-lanzo-la-segunda-edicioncrear-para-profesionalizar-al-sector-artistico","status":"publish","type":"post","link":"https:\/\/corrientesdetarde.com\/index.php\/sociales\/la-municipalidad-lanzo-la-segunda-edicioncrear-para-profesionalizar-al-sector-artistico\/","title":{"rendered":"<strong>La Municipalidad lanz\u00f3 la segunda edici\u00f3n<br>Crear+,&nbsp;para profesionalizar al sector art\u00edstico<\/strong>"},"content":{"rendered":"\n<p><em>Con el objetivo de continuar profesionalizando en oficios a hacedores de la cultura local, la Municipalidad lanz\u00f3 la segunda edici\u00f3n del programa Crear+. La propuesta ofrece distintas capacitaciones gratuitas que abarcan campos como comunicaci\u00f3n, informaci\u00f3n, arte y dise\u00f1o, y producci\u00f3n.&nbsp;<\/em><\/p>\n\n\n\n<p>Organizado por la Municipalidad, a trav\u00e9s de la secretaria de Cultura y Educaci\u00f3n y la secretaria de Desarrollo Econ\u00f3mico, tuvo lugar este viernes el lanzamiento de Crear+ 2023, en Espacio Mari\u00f1o, ubicado en Santa Fe 847.<\/p>\n\n\n\n<figure class=\"wp-block-embed is-type-video is-provider-youtube wp-block-embed-youtube wp-embed-aspect-16-9 wp-has-aspect-ratio\"><div class=\"wp-block-embed__wrapper\">\n<iframe loading=\"lazy\" title=\"Lamzamiento  de la segunda edici\u00f3n de Crear +, para profesiolizar al sector art\u00edstico\" width=\"1110\" height=\"624\" src=\"https:\/\/www.youtube.com\/embed\/L5AJTJCQD-o?feature=oembed\" frameborder=\"0\" allow=\"accelerometer; autoplay; clipboard-write; encrypted-media; gyroscope; picture-in-picture; web-share\" allowfullscreen><\/iframe>\n<\/div><\/figure>\n\n\n\n<p><br><br>En este marco, el subsecretario de Desarrollo y Producci\u00f3n Cultural del municipio, Federico Maceri, dio a conocer los alcances del programa. \u201cSe trata de una propuesta destinada a artistas y trabajadores de la cultura, cuyo objetivo es brindarles herramientas para que puedan profesionalizarse, a trav\u00e9s de capacitaci\u00f3n y formaci\u00f3n continua, para que adem\u00e1s puedan insertarse en el mercado local de forma competitiva y productiva, de esta manera, fortalecer la industria cultural de bienes y servicios culturales\u201d, dijo.\u00a0<br><br>\u201cEste es un trabajo en conjunto con la Oficina de Empleo Municipal y cuenta con la participaci\u00f3n y el aporte de actores culturales\u201d, a\u00f1adi\u00f3 el funcionario.\u00a0<br><br>En esta oportunidad, se realiz\u00f3 el lanzamiento de los tres primeros cursos que se van a llevar a cabo durante este a\u00f1o: el de Realizaci\u00f3n Audiovisual, Marketing Digital para artistas y Dise\u00f1o de Indumentaria, tambi\u00e9n para artistas. \u201cPr\u00f3ximamente vamos a lanzar el curso de Producci\u00f3n de Sonido General\u201d, adelant\u00f3 Maceri.\u00a0<\/p>\n\n\n\n<figure class=\"wp-block-image size-large\"><img loading=\"lazy\" decoding=\"async\" width=\"1024\" height=\"682\" src=\"https:\/\/corrientesdetarde.com\/wp-content\/uploads\/2023\/06\/image-519-1024x682.png\" alt=\"\" class=\"wp-image-67960\" srcset=\"https:\/\/corrientesdetarde.com\/wp-content\/uploads\/2023\/06\/image-519-1024x682.png 1024w, https:\/\/corrientesdetarde.com\/wp-content\/uploads\/2023\/06\/image-519-300x200.png 300w, https:\/\/corrientesdetarde.com\/wp-content\/uploads\/2023\/06\/image-519-768x512.png 768w, https:\/\/corrientesdetarde.com\/wp-content\/uploads\/2023\/06\/image-519-272x182.png 272w, https:\/\/corrientesdetarde.com\/wp-content\/uploads\/2023\/06\/image-519.png 1280w\" sizes=\"auto, (max-width: 1024px) 100vw, 1024px\" \/><\/figure>\n\n\n\n<p><br><br>Por su parte, el subsecretario de Capacitaci\u00f3n y Empleo del municipio, \u00c1lvaro Delfino, se\u00f1al\u00f3 que los interesados en inscribirse a estos cursos pueden hacerlo a trav\u00e9s de las redes sociales de la Oficina de Empleo o bien dirigirse a la sede ubicada por Pasaje Villanueva 1470, de lunes a viernes, de 7 a 16.\u00a0<br><br>A su vez remarc\u00f3 que se trata de capacitaciones totalmente gratuitas, \u201cque se desarrollar\u00e1n en consonancia con lo que impulsamos desde la gesti\u00f3n del intendente Eduardo Tassano, que es de hacer de Corrientes una ciudad de verdaderas oportunidades. Y qu\u00e9 mejor que generando estas instancias de tipo formativas en donde vamos a capacitar a los futuros trabajadores de la industria cultural\u201d, concluy\u00f3.\u00a0<\/p>\n","protected":false},"excerpt":{"rendered":"<p>Con el objetivo de continuar profesionalizando en oficios a hacedores de la cultura local, la Municipalidad lanz\u00f3 la segunda edici\u00f3n del programa Crear+. La propuesta ofrece distintas capacitaciones gratuitas que&hellip; <\/p>\n","protected":false},"author":1,"featured_media":67961,"comment_status":"closed","ping_status":"open","sticky":false,"template":"","format":"standard","meta":{"footnotes":""},"categories":[17],"tags":[],"class_list":["post-67957","post","type-post","status-publish","format-standard","has-post-thumbnail","hentry","category-sociales"],"_links":{"self":[{"href":"https:\/\/corrientesdetarde.com\/index.php\/wp-json\/wp\/v2\/posts\/67957","targetHints":{"allow":["GET"]}}],"collection":[{"href":"https:\/\/corrientesdetarde.com\/index.php\/wp-json\/wp\/v2\/posts"}],"about":[{"href":"https:\/\/corrientesdetarde.com\/index.php\/wp-json\/wp\/v2\/types\/post"}],"author":[{"embeddable":true,"href":"https:\/\/corrientesdetarde.com\/index.php\/wp-json\/wp\/v2\/users\/1"}],"replies":[{"embeddable":true,"href":"https:\/\/corrientesdetarde.com\/index.php\/wp-json\/wp\/v2\/comments?post=67957"}],"version-history":[{"count":1,"href":"https:\/\/corrientesdetarde.com\/index.php\/wp-json\/wp\/v2\/posts\/67957\/revisions"}],"predecessor-version":[{"id":67962,"href":"https:\/\/corrientesdetarde.com\/index.php\/wp-json\/wp\/v2\/posts\/67957\/revisions\/67962"}],"wp:featuredmedia":[{"embeddable":true,"href":"https:\/\/corrientesdetarde.com\/index.php\/wp-json\/wp\/v2\/media\/67961"}],"wp:attachment":[{"href":"https:\/\/corrientesdetarde.com\/index.php\/wp-json\/wp\/v2\/media?parent=67957"}],"wp:term":[{"taxonomy":"category","embeddable":true,"href":"https:\/\/corrientesdetarde.com\/index.php\/wp-json\/wp\/v2\/categories?post=67957"},{"taxonomy":"post_tag","embeddable":true,"href":"https:\/\/corrientesdetarde.com\/index.php\/wp-json\/wp\/v2\/tags?post=67957"}],"curies":[{"name":"wp","href":"https:\/\/api.w.org\/{rel}","templated":true}]}}