{"id":67967,"date":"2023-06-17T16:06:07","date_gmt":"2023-06-17T19:06:07","guid":{"rendered":"https:\/\/corrientesdetarde.com\/?p=67967"},"modified":"2023-06-17T16:06:09","modified_gmt":"2023-06-17T19:06:09","slug":"las-ferias-de-la-ciudad-preparan-unnuevo-recorrido-a-lo-largo-de-toda-la-semana","status":"publish","type":"post","link":"https:\/\/corrientesdetarde.com\/index.php\/sociales\/las-ferias-de-la-ciudad-preparan-unnuevo-recorrido-a-lo-largo-de-toda-la-semana\/","title":{"rendered":"<strong>Las Ferias de la Ciudad preparan un<br>nuevo recorrido a lo largo de toda la semana&nbsp;<\/strong>"},"content":{"rendered":"\n<p><em>Los feriantes capitalinos volver\u00e1n a recorrer distintos parques, plazas y paseos llevando ofertas y productos de calidad a los vecinos, desde el lunes 19 al domingo 25, en el horario de 8 a 13. La propuesta se enmarca en el auspicioso programa llevado adelante por la Municipalidad de Corrientes, a trav\u00e9s de la secretar\u00eda de Desarrollo Econ\u00f3mico.&nbsp;<\/em><\/p>\n\n\n\n<p>La Municipalidad de Corrientes dio a conocer la nueva programaci\u00f3n de las Ferias de la Ciudad de la siguiente semana de junio. Tal como viene d\u00e1ndose desde hace algunas semanas, ahora los feriantes se presentan tambi\u00e9n los lunes, por lo que la propuesta recorrer distintos puntos de la ciudad, todos los d\u00edas, con productos de calidad y al mejor precio.\u00a0<br><br>Se trata de una acci\u00f3n coordinada por la secretar\u00eda de Desarrollo Econ\u00f3mico municipal, a trav\u00e9s de la subsecretar\u00eda de Econom\u00eda Social.\u00a0<br><br>El recorrido de la semana entrante se iniciar\u00e1 el lunes 19 en el barrio Mil Viviendas -plaza Rep\u00fablica del Per\u00fa, en avenida Patagonia entre Av. La Paz y Av. Paysand\u00fa- y en el barrio Ber\u00f3n de Astrada -plazoleta Los Inmigrantes, en Ac. Correa Fern\u00e1ndez y Av. Sarmiento-.\u00a0<br><br>El martes 20 de junio, en el D\u00eda de la Bandera, la propuesta llegar\u00e1 a la plaza Libertad (San Mart\u00edn y Per\u00fa), para continuar el mi\u00e9rcoles 21 en la plaza Torrent (San Lorenzo y Bol\u00edvar) y plazoleta Evita (Av. Sarmiento y Av. Maip\u00fa). \u00a0\u00a0<br><br>El jueves 22 los puesteros se ubicar\u00e1n en el remozado paseo de Plaza La Cruz, por calle Salta, en el barrio del mismo nombre. \u00a0<\/p>\n\n\n\n<figure class=\"wp-block-image size-large\"><img loading=\"lazy\" decoding=\"async\" width=\"1024\" height=\"1024\" src=\"https:\/\/corrientesdetarde.com\/wp-content\/uploads\/2023\/06\/image-520-1024x1024.png\" alt=\"\" class=\"wp-image-67968\" srcset=\"https:\/\/corrientesdetarde.com\/wp-content\/uploads\/2023\/06\/image-520-1024x1024.png 1024w, https:\/\/corrientesdetarde.com\/wp-content\/uploads\/2023\/06\/image-520-300x300.png 300w, https:\/\/corrientesdetarde.com\/wp-content\/uploads\/2023\/06\/image-520-150x150.png 150w, https:\/\/corrientesdetarde.com\/wp-content\/uploads\/2023\/06\/image-520-768x768.png 768w, https:\/\/corrientesdetarde.com\/wp-content\/uploads\/2023\/06\/image-520-375x375.png 375w, https:\/\/corrientesdetarde.com\/wp-content\/uploads\/2023\/06\/image-520.png 1280w\" sizes=\"auto, (max-width: 1024px) 100vw, 1024px\" \/><\/figure>\n\n\n\n<p><br><br>Mientras que el viernes 23 se repetir\u00e1 la propuesta, en simult\u00e1neo, en la plaza Rep\u00fablica del Per\u00fa de las Mil Viviendas (Av. Patagonia entre Av. La Paz y Av. Paysand\u00fa); en plazoleta Los Inmigrantes (Ac Correa Fern\u00e1ndez y Av. Sarmiento) del barrio Ber\u00f3n de Astrada; y en la plaza Giovani Coll del barrio Pirayu\u00ed (Cuba y Guillermo Ojeda).\u00a0<br><br>El recorrido continuar\u00e1 el s\u00e1bado 24, de 8 a 13, por la calle Pil\u00fa G\u00f3mez y Jos\u00e9 Rol\u00f3n, en el parque Mitre. Y por la tarde, en el Paseo Arazaty, de 15 a 22. \u00a0<br><br>En tanto que el domingo 25 habr\u00e1 puesteros en el Paseo Arazaty que ofrecer\u00e1n de 10 a 22, plantas ornamentales, ofertas gastron\u00f3micas, artesan\u00edas y manualidades. \u00a0<br><br>CRONOGRAMA COMPLETO \u00a0<br><br>La semana desde el lunes 19 al domingo 25 de junio incluye los siguientes lugares: \u00a0<br><br>Lunes 19 de junio: barrio Mil Viviendas (plaza Rep\u00fablica del Per\u00fa) y barrio Ber\u00f3n de Astrada (plazoleta de los Inmigrantes)\u00a0<br><br>Martes 20 de junio: barrio Libertad \u00a0(plaza\u00a0Libertad)\u00a0<br><br>Mi\u00e9rcoles 21 de junio: barrio Centro (plaza Torrent) y barrio Ber\u00f3n de Astrada (plaza Evita).\u00a0<br><br>Jueves 22 de junio: barrio La Cruz (plaza La Cruz).\u00a0<br><br>Viernes 23 de junio: barrio Mil Viviendas (plaza Rep\u00fablica del Per\u00fa), barrio Ber\u00f3n de Astrada (plazoleta Los Inmigrantes) y barrio Pirayu\u00ed (plaza Giovani Cool) \u00a0<br><br>S\u00e1bado 24 de junio: barrio Aldana (Parque Mitre) \u2013por la ma\u00f1ana- y Paseo Arazaty \u2013por la tarde-.\u00a0<br><br>Domingo 25 de junio: Paseo Arazaty<\/p>\n","protected":false},"excerpt":{"rendered":"<p>Los feriantes capitalinos volver\u00e1n a recorrer distintos parques, plazas y paseos llevando ofertas y productos de calidad a los vecinos, desde el lunes 19 al domingo 25, en el horario&hellip; <\/p>\n","protected":false},"author":1,"featured_media":67969,"comment_status":"closed","ping_status":"open","sticky":false,"template":"","format":"standard","meta":{"footnotes":""},"categories":[17],"tags":[],"class_list":["post-67967","post","type-post","status-publish","format-standard","has-post-thumbnail","hentry","category-sociales"],"_links":{"self":[{"href":"https:\/\/corrientesdetarde.com\/index.php\/wp-json\/wp\/v2\/posts\/67967","targetHints":{"allow":["GET"]}}],"collection":[{"href":"https:\/\/corrientesdetarde.com\/index.php\/wp-json\/wp\/v2\/posts"}],"about":[{"href":"https:\/\/corrientesdetarde.com\/index.php\/wp-json\/wp\/v2\/types\/post"}],"author":[{"embeddable":true,"href":"https:\/\/corrientesdetarde.com\/index.php\/wp-json\/wp\/v2\/users\/1"}],"replies":[{"embeddable":true,"href":"https:\/\/corrientesdetarde.com\/index.php\/wp-json\/wp\/v2\/comments?post=67967"}],"version-history":[{"count":1,"href":"https:\/\/corrientesdetarde.com\/index.php\/wp-json\/wp\/v2\/posts\/67967\/revisions"}],"predecessor-version":[{"id":67970,"href":"https:\/\/corrientesdetarde.com\/index.php\/wp-json\/wp\/v2\/posts\/67967\/revisions\/67970"}],"wp:featuredmedia":[{"embeddable":true,"href":"https:\/\/corrientesdetarde.com\/index.php\/wp-json\/wp\/v2\/media\/67969"}],"wp:attachment":[{"href":"https:\/\/corrientesdetarde.com\/index.php\/wp-json\/wp\/v2\/media?parent=67967"}],"wp:term":[{"taxonomy":"category","embeddable":true,"href":"https:\/\/corrientesdetarde.com\/index.php\/wp-json\/wp\/v2\/categories?post=67967"},{"taxonomy":"post_tag","embeddable":true,"href":"https:\/\/corrientesdetarde.com\/index.php\/wp-json\/wp\/v2\/tags?post=67967"}],"curies":[{"name":"wp","href":"https:\/\/api.w.org\/{rel}","templated":true}]}}