{"id":68226,"date":"2023-06-19T10:11:51","date_gmt":"2023-06-19T13:11:51","guid":{"rendered":"https:\/\/corrientesdetarde.com\/?p=68226"},"modified":"2023-06-19T10:11:54","modified_gmt":"2023-06-19T13:11:54","slug":"teatro-mini-cierra-la-convocatoria","status":"publish","type":"post","link":"https:\/\/corrientesdetarde.com\/index.php\/cultura\/teatro-mini-cierra-la-convocatoria\/","title":{"rendered":"Teatro Mini cierra la convocatoria"},"content":{"rendered":"\n<p>\u00daltima jornada para inscribirse a la convocatoria para participar del primer Ciclo de Teatro Mini del Centro Cultural Universitario de la UNNE. Se elegir\u00e1n seis obras cortas de 15 minutos para integrar un espect\u00e1culo, cuyo hilo conductor ser\u00e1 los 40 a\u00f1os de democracia en Argentina.<\/p>\n\n\n\n<p>Desde el CCU de la UNNE se busca acompa\u00f1ar y estimular el desarrollo de las distintas disciplinas art\u00edsticas. Es por eso que este ciclo intenta contribuir y fomentar la producci\u00f3n del que hace teatro local.<\/p>\n\n\n\n<p>Al ciclo podr\u00e1n postularse elencos de teatro de la ciudad, actrices, actores, realizadores de artes esc\u00e9nicas en general, con obras de teatro breves relacionadas con los cuarenta a\u00f1os de democracia en nuestro pa\u00eds. Hasta hoy hay tiempo para inscribirse ingresando a https:\/\/ccuunne.ar\/ciclo-de-teatro-mini<\/p>\n\n\n\n<p>La propuesta contempla puestas en escena inmersivas que, por su cercan\u00eda con el p\u00fablico espectador, le permiten a este sentirse parte de la historia, en una experiencia intensa e innovadora. Se prev\u00e9n funciones durante los meses de agosto a diciembre y un taller presencial de capacitaci\u00f3n con un especialista en la materia para los elencos seleccionados.<\/p>\n","protected":false},"excerpt":{"rendered":"<p>\u00daltima jornada para inscribirse a la convocatoria para participar del primer Ciclo de Teatro Mini del Centro Cultural Universitario de la UNNE. Se elegir\u00e1n seis obras cortas de 15 minutos&hellip; <\/p>\n","protected":false},"author":3,"featured_media":68227,"comment_status":"closed","ping_status":"open","sticky":false,"template":"","format":"standard","meta":{"footnotes":""},"categories":[15],"tags":[],"class_list":["post-68226","post","type-post","status-publish","format-standard","has-post-thumbnail","hentry","category-cultura"],"_links":{"self":[{"href":"https:\/\/corrientesdetarde.com\/index.php\/wp-json\/wp\/v2\/posts\/68226","targetHints":{"allow":["GET"]}}],"collection":[{"href":"https:\/\/corrientesdetarde.com\/index.php\/wp-json\/wp\/v2\/posts"}],"about":[{"href":"https:\/\/corrientesdetarde.com\/index.php\/wp-json\/wp\/v2\/types\/post"}],"author":[{"embeddable":true,"href":"https:\/\/corrientesdetarde.com\/index.php\/wp-json\/wp\/v2\/users\/3"}],"replies":[{"embeddable":true,"href":"https:\/\/corrientesdetarde.com\/index.php\/wp-json\/wp\/v2\/comments?post=68226"}],"version-history":[{"count":1,"href":"https:\/\/corrientesdetarde.com\/index.php\/wp-json\/wp\/v2\/posts\/68226\/revisions"}],"predecessor-version":[{"id":68228,"href":"https:\/\/corrientesdetarde.com\/index.php\/wp-json\/wp\/v2\/posts\/68226\/revisions\/68228"}],"wp:featuredmedia":[{"embeddable":true,"href":"https:\/\/corrientesdetarde.com\/index.php\/wp-json\/wp\/v2\/media\/68227"}],"wp:attachment":[{"href":"https:\/\/corrientesdetarde.com\/index.php\/wp-json\/wp\/v2\/media?parent=68226"}],"wp:term":[{"taxonomy":"category","embeddable":true,"href":"https:\/\/corrientesdetarde.com\/index.php\/wp-json\/wp\/v2\/categories?post=68226"},{"taxonomy":"post_tag","embeddable":true,"href":"https:\/\/corrientesdetarde.com\/index.php\/wp-json\/wp\/v2\/tags?post=68226"}],"curies":[{"name":"wp","href":"https:\/\/api.w.org\/{rel}","templated":true}]}}