{"id":68238,"date":"2023-06-19T11:00:23","date_gmt":"2023-06-19T14:00:23","guid":{"rendered":"https:\/\/corrientesdetarde.com\/?p=68238"},"modified":"2023-06-19T11:00:24","modified_gmt":"2023-06-19T14:00:24","slug":"un-menor-murio-electrocutado-cuando-podaba-un-arbol","status":"publish","type":"post","link":"https:\/\/corrientesdetarde.com\/index.php\/policiales\/un-menor-murio-electrocutado-cuando-podaba-un-arbol\/","title":{"rendered":"Un menor muri\u00f3 electrocutado cuando podaba un \u00e1rbol"},"content":{"rendered":"\n<p>La v\u00edctima es un adolescente de 16 a\u00f1os, quien sufri\u00f3 una descarga el\u00e9ctrica cuando realizaba tareas de poda.\u00a0\u00a0<\/p>\n\n\n\n<p>Un adolescente de 16 a\u00f1os muri\u00f3 a causa de una descarga el\u00e9ctrica cuando estaba cortando un \u00e1rbol en el barrio Laguna Brava de la capital correntina.&nbsp;<\/p>\n\n\n\n<p>Seg\u00fan las fuentes oficiales, el hecho ocurri\u00f3 el s\u00e1bado al medio d\u00eda cuando el joven estaba cortando ramas de un \u00e1rbol de la casa del suegro y &nbsp;all\u00ed tom\u00f3 contacto con un cable de electricidad que le produjo una fuerte descarga.&nbsp;<\/p>\n\n\n\n<p>El suegro, inmediatamente llam\u00f3 a la Polic\u00eda y &nbsp;lo asistieron con maniobras de RCP hasta que lleg\u00f3 la ambulancia.&nbsp;<\/p>\n\n\n\n<p>El joven fue trasladado al Hospital Escuela, donde permanec\u00eda internado en &nbsp;terapia intensiva.<\/p>\n\n\n\n<p>Ayer sufri\u00f3 una descompensaci\u00f3n y falleci\u00f3 pese a la r\u00e1pida intervenci\u00f3n de los m\u00e9dicos de guardia.<\/p>\n\n\n\n<p>El cuerpo fue trasladado al Instituto M\u00e9dico Forense, donde luego de la autopsia iba a ser entregado a sus familiares para su correspondiente velatorio y despedida.<\/p>\n","protected":false},"excerpt":{"rendered":"<p>La v\u00edctima es un adolescente de 16 a\u00f1os, quien sufri\u00f3 una descarga el\u00e9ctrica cuando realizaba tareas de poda.\u00a0\u00a0 Un adolescente de 16 a\u00f1os muri\u00f3 a causa de una descarga el\u00e9ctrica&hellip; <\/p>\n","protected":false},"author":3,"featured_media":68239,"comment_status":"closed","ping_status":"open","sticky":false,"template":"","format":"standard","meta":{"footnotes":""},"categories":[33],"tags":[],"class_list":["post-68238","post","type-post","status-publish","format-standard","has-post-thumbnail","hentry","category-policiales"],"_links":{"self":[{"href":"https:\/\/corrientesdetarde.com\/index.php\/wp-json\/wp\/v2\/posts\/68238","targetHints":{"allow":["GET"]}}],"collection":[{"href":"https:\/\/corrientesdetarde.com\/index.php\/wp-json\/wp\/v2\/posts"}],"about":[{"href":"https:\/\/corrientesdetarde.com\/index.php\/wp-json\/wp\/v2\/types\/post"}],"author":[{"embeddable":true,"href":"https:\/\/corrientesdetarde.com\/index.php\/wp-json\/wp\/v2\/users\/3"}],"replies":[{"embeddable":true,"href":"https:\/\/corrientesdetarde.com\/index.php\/wp-json\/wp\/v2\/comments?post=68238"}],"version-history":[{"count":1,"href":"https:\/\/corrientesdetarde.com\/index.php\/wp-json\/wp\/v2\/posts\/68238\/revisions"}],"predecessor-version":[{"id":68240,"href":"https:\/\/corrientesdetarde.com\/index.php\/wp-json\/wp\/v2\/posts\/68238\/revisions\/68240"}],"wp:featuredmedia":[{"embeddable":true,"href":"https:\/\/corrientesdetarde.com\/index.php\/wp-json\/wp\/v2\/media\/68239"}],"wp:attachment":[{"href":"https:\/\/corrientesdetarde.com\/index.php\/wp-json\/wp\/v2\/media?parent=68238"}],"wp:term":[{"taxonomy":"category","embeddable":true,"href":"https:\/\/corrientesdetarde.com\/index.php\/wp-json\/wp\/v2\/categories?post=68238"},{"taxonomy":"post_tag","embeddable":true,"href":"https:\/\/corrientesdetarde.com\/index.php\/wp-json\/wp\/v2\/tags?post=68238"}],"curies":[{"name":"wp","href":"https:\/\/api.w.org\/{rel}","templated":true}]}}