{"id":68241,"date":"2023-06-19T11:01:08","date_gmt":"2023-06-19T14:01:08","guid":{"rendered":"https:\/\/corrientesdetarde.com\/?p=68241"},"modified":"2023-06-19T11:01:10","modified_gmt":"2023-06-19T14:01:10","slug":"por-el-frio-instalan-casas-para-mascotas-que-viven-en-la-calle-como-colaborar","status":"publish","type":"post","link":"https:\/\/corrientesdetarde.com\/index.php\/informacion-general\/por-el-frio-instalan-casas-para-mascotas-que-viven-en-la-calle-como-colaborar\/","title":{"rendered":"Por el fr\u00edo, instalan casas para mascotas que viven en la calle: c\u00f3mo colaborar"},"content":{"rendered":"\n<p>Las cuchas de madera est\u00e1n acondicionadas para brindar un refugio ameno a los perros y gatos de la ciudad.\u00a0\u00a0<\/p>\n\n\n\n<p>Promueven la instalaci\u00f3n de casitas para perros y gatos callejeros en la capital correntina.&nbsp;&nbsp;<strong>La Red de Voluntarios y Rescatistas de Corrientes lleva adelante una iniciativa<\/strong>&nbsp; para brindar hogar a los cientos de animales que viven en la calle con el objetivo de que tengan un lugar para resguardarse ante el fr\u00edo. Hasta el momento ya instalaron dos cuchas en la zona del Campus.&nbsp;<\/p>\n\n\n\n<p>En Corrientes, la semana pasada se registraron temperaturas bajas que llegaron hasta los 6 \u00b0C. Por eso, para que los animales no pasen fr\u00edo, instalan cuchas de madera equipadas.&nbsp;&nbsp;<strong>Recientemente, colocaron dos casitas en la zona del Campus de la Universidad Nacional del Nordeste (Unne) y en los pr\u00f3ximos d\u00edas realizar\u00e1n un relevamiento para sumar m\u00e1s refugios. &nbsp;<\/strong><\/p>\n\n\n\n<p>Pablo, miembro de la fundaci\u00f3n Red de Voluntarios y Rescatistas de Corrientes, dijo a El Litoral que \u201ccolocamos dos casitas en la zona del Campus, y estamos por hacer un censo para saber cu\u00e1ntos animalitos hay en esa parte para construir otras m\u00e1s\u201d.&nbsp;<\/p>\n\n\n\n<p>Por la necesidad de brindar refugio a numerosos perros y gatos callejeros ante las bajas temperaturas, las casitas est\u00e1n construidas con madera y cuentan con un techo que protege a los animales contra las inclemencias del tiempo, como fuertes lluvias, vientos y granizo. Por dentro tienen colchones y frazadas que brindan un ambiente m\u00e1s c\u00e1lido y c\u00f3modo a las mascotas.&nbsp;<\/p>\n\n\n\n<p>\u201cM\u00e1s que nada est\u00e1 pensado para los perritos a quienes no se les consigue lugar de tr\u00e1nsito debido a que deben amansarse para convivir con las familias. Por eso le damos refugio, comida y la atenci\u00f3n veterinaria que necesitan\u201d, indic\u00f3 Pablo a El Litoral.&nbsp;<\/p>\n\n\n\n<p>La actividad que lleva adelante la fundaci\u00f3n correntina est\u00e1 destinada a refugiar a los animales que habitan en las calles y no cuentan con un hogar. La construcci\u00f3n de las casitas se lleva a cabo con parte del dinero recaudado por los voluntarios en las ventas de comidas que realizan de manera frecuente.&nbsp;<\/p>\n\n\n\n<p>Para colaborar con la propuesta,&nbsp;&nbsp;<strong>los interesados pueden hacerlo a trav\u00e9s del&nbsp;cbu: 0940040530009586360011, mediante el alias de Mercado Pago: flanco.desvan.jamon; o comunic\u00e1ndose al 379-4882118.&nbsp;<\/strong><\/p>\n\n\n\n<p>Los rescatistas tambi\u00e9n piden cuchas que tengan en desuso.&nbsp;<\/p>\n","protected":false},"excerpt":{"rendered":"<p>Las cuchas de madera est\u00e1n acondicionadas para brindar un refugio ameno a los perros y gatos de la ciudad.\u00a0\u00a0 Promueven la instalaci\u00f3n de casitas para perros y gatos callejeros en&hellip; <\/p>\n","protected":false},"author":3,"featured_media":68242,"comment_status":"closed","ping_status":"open","sticky":false,"template":"","format":"standard","meta":{"footnotes":""},"categories":[1],"tags":[],"class_list":["post-68241","post","type-post","status-publish","format-standard","has-post-thumbnail","hentry","category-informacion-general"],"_links":{"self":[{"href":"https:\/\/corrientesdetarde.com\/index.php\/wp-json\/wp\/v2\/posts\/68241","targetHints":{"allow":["GET"]}}],"collection":[{"href":"https:\/\/corrientesdetarde.com\/index.php\/wp-json\/wp\/v2\/posts"}],"about":[{"href":"https:\/\/corrientesdetarde.com\/index.php\/wp-json\/wp\/v2\/types\/post"}],"author":[{"embeddable":true,"href":"https:\/\/corrientesdetarde.com\/index.php\/wp-json\/wp\/v2\/users\/3"}],"replies":[{"embeddable":true,"href":"https:\/\/corrientesdetarde.com\/index.php\/wp-json\/wp\/v2\/comments?post=68241"}],"version-history":[{"count":1,"href":"https:\/\/corrientesdetarde.com\/index.php\/wp-json\/wp\/v2\/posts\/68241\/revisions"}],"predecessor-version":[{"id":68243,"href":"https:\/\/corrientesdetarde.com\/index.php\/wp-json\/wp\/v2\/posts\/68241\/revisions\/68243"}],"wp:featuredmedia":[{"embeddable":true,"href":"https:\/\/corrientesdetarde.com\/index.php\/wp-json\/wp\/v2\/media\/68242"}],"wp:attachment":[{"href":"https:\/\/corrientesdetarde.com\/index.php\/wp-json\/wp\/v2\/media?parent=68241"}],"wp:term":[{"taxonomy":"category","embeddable":true,"href":"https:\/\/corrientesdetarde.com\/index.php\/wp-json\/wp\/v2\/categories?post=68241"},{"taxonomy":"post_tag","embeddable":true,"href":"https:\/\/corrientesdetarde.com\/index.php\/wp-json\/wp\/v2\/tags?post=68241"}],"curies":[{"name":"wp","href":"https:\/\/api.w.org\/{rel}","templated":true}]}}