{"id":68248,"date":"2023-06-19T11:58:59","date_gmt":"2023-06-19T14:58:59","guid":{"rendered":"https:\/\/corrientesdetarde.com\/?p=68248"},"modified":"2023-06-19T11:59:01","modified_gmt":"2023-06-19T14:59:01","slug":"internas-arden-en-todos-los-frentes-y-partidos","status":"publish","type":"post","link":"https:\/\/corrientesdetarde.com\/index.php\/nacionales\/internas-arden-en-todos-los-frentes-y-partidos\/","title":{"rendered":"INTERNAS ARDEN EN TODOS LOS FRENTES Y PARTIDOS"},"content":{"rendered":"\n<p>Seg\u00fan la periodista Diana Deglauy del portal ADN SUR, el proceso de armado de las listas electorales se encuentra en su momento m\u00e1s cr\u00edtico. A tan solo una semana del vencimiento del plazo para la presentaci\u00f3n de candidatos, varios espacios pol\u00edticos enfrentan dificultades para completar sus listas con la cantidad adecuada de postulantes.<\/p>\n\n\n\n<p>La intensidad de las negociaciones pol\u00edticas se encuentra en su punto m\u00e1ximo durante este fin de semana prolongado y los d\u00edas siguientes. Cada d\u00eda cuenta en la b\u00fasqueda de ganar espacios y medir el poder pol\u00edtico. Seg\u00fan una fuente cercana a las discusiones, estas horas son cruciales y se est\u00e1n llevando a cabo reuniones de alto nivel. Sin embargo, otros actores pol\u00edticos se muestran m\u00e1s cautelosos y reconocen que la semana ser\u00e1 intensa.<\/p>\n\n\n\n<p>Los a\u00f1os electorales siempre est\u00e1n marcados por momentos de incertidumbre y definici\u00f3n. La pol\u00edtica fluct\u00faa entre estos dos extremos, y en este per\u00edodo aumenta la incertidumbre sobre en qui\u00e9n confiar. El resultado final sigue siendo incierto y las mareas pol\u00edticas cambian constantemente, tanto en las negociaciones internas como en el posicionamiento de los candidatos ya lanzados.<\/p>\n\n\n\n<p>Recientemente, el economista Javier Milei ha sido objeto de graves acusaciones relacionadas con sus pr\u00e1cticas en el armado electoral. Un ex candidato a gobernador de Neuqu\u00e9n, Carlos Egu\u00eda, lo se\u00f1al\u00f3 por supuestas operaciones irregulares. Estas denuncias se suman a otras revelaciones similares que han salido a la luz anteriormente. Al parecer, desde el espacio La Libertad Avanza, se exig\u00edan cargos legislativos y se cubr\u00edan los gastos de traslado y hospedaje lujoso para las visitas de Milei a la provincia.<\/p>\n\n\n\n<p>Estos manejos poco transparentes, con denuncias de favoritismo y acomodo, generan preguntas sobre la corrupci\u00f3n y contradicen los valores que se pregonan para ganar las elecciones. No es la primera vez que salen a la luz cuestionamientos sobre el economista.<\/p>\n\n\n\n<p>En este momento, completar los cargos en las listas se ha convertido en un desaf\u00edo para los libertarios. Milei enfrenta bajas en su estructura pol\u00edtica, y su estrategia electoral a nivel nacional parece basarse principalmente en su propia figura como candidato a presidente. \u00bfSer\u00e1 suficiente para cumplir con los requisitos de presentaci\u00f3n ante la Justicia electoral?<\/p>\n\n\n\n<p>En contraste, el espacio peronista no parece tener problemas en cuanto a la cantidad de personas disponibles. Su estructura nacional, respaldada por poder y adhesi\u00f3n, cuenta con una militancia pol\u00edtica \u00e1vida de formar parte de las listas. Aunque en ocasiones este armado puede estar enviciado por intereses y manejo de fondos p\u00fablicos, la disposici\u00f3n de la militancia es un recurso valioso.<\/p>\n\n\n\n<p>En relaci\u00f3n a Unidos por la Patria, la nueva versi\u00f3n del Frente de Todos, se espera la presentaci\u00f3n de dos precandidatos fuertes en la interna. Daniel Scioli se postul\u00f3 sin tanto misterio y ha estado trabajando en sumar adhesiones y enfrentando los embates de M\u00e1ximo Kirchner. Por otro lado, a\u00fan existe incertidumbre sobre el candidato que apoyar\u00e1 Cristina Kirchner. Algunos rumores sugieren que Sergio Massa se postular\u00eda junto a Wado De Pedro.<\/p>\n","protected":false},"excerpt":{"rendered":"<p>Seg\u00fan la periodista Diana Deglauy del portal ADN SUR, el proceso de armado de las listas electorales se encuentra en su momento m\u00e1s cr\u00edtico. A tan solo una semana del&hellip; <\/p>\n","protected":false},"author":11,"featured_media":68249,"comment_status":"closed","ping_status":"open","sticky":false,"template":"","format":"standard","meta":{"footnotes":""},"categories":[10],"tags":[83,680,526,99,679],"class_list":["post-68248","post","type-post","status-publish","format-standard","has-post-thumbnail","hentry","category-nacionales","tag-bullrich","tag-deglauy","tag-larreta","tag-massa","tag-waso"],"_links":{"self":[{"href":"https:\/\/corrientesdetarde.com\/index.php\/wp-json\/wp\/v2\/posts\/68248","targetHints":{"allow":["GET"]}}],"collection":[{"href":"https:\/\/corrientesdetarde.com\/index.php\/wp-json\/wp\/v2\/posts"}],"about":[{"href":"https:\/\/corrientesdetarde.com\/index.php\/wp-json\/wp\/v2\/types\/post"}],"author":[{"embeddable":true,"href":"https:\/\/corrientesdetarde.com\/index.php\/wp-json\/wp\/v2\/users\/11"}],"replies":[{"embeddable":true,"href":"https:\/\/corrientesdetarde.com\/index.php\/wp-json\/wp\/v2\/comments?post=68248"}],"version-history":[{"count":1,"href":"https:\/\/corrientesdetarde.com\/index.php\/wp-json\/wp\/v2\/posts\/68248\/revisions"}],"predecessor-version":[{"id":68250,"href":"https:\/\/corrientesdetarde.com\/index.php\/wp-json\/wp\/v2\/posts\/68248\/revisions\/68250"}],"wp:featuredmedia":[{"embeddable":true,"href":"https:\/\/corrientesdetarde.com\/index.php\/wp-json\/wp\/v2\/media\/68249"}],"wp:attachment":[{"href":"https:\/\/corrientesdetarde.com\/index.php\/wp-json\/wp\/v2\/media?parent=68248"}],"wp:term":[{"taxonomy":"category","embeddable":true,"href":"https:\/\/corrientesdetarde.com\/index.php\/wp-json\/wp\/v2\/categories?post=68248"},{"taxonomy":"post_tag","embeddable":true,"href":"https:\/\/corrientesdetarde.com\/index.php\/wp-json\/wp\/v2\/tags?post=68248"}],"curies":[{"name":"wp","href":"https:\/\/api.w.org\/{rel}","templated":true}]}}