{"id":68338,"date":"2023-06-20T08:31:00","date_gmt":"2023-06-20T11:31:00","guid":{"rendered":"https:\/\/corrientesdetarde.com\/?p=68338"},"modified":"2023-06-20T08:31:02","modified_gmt":"2023-06-20T11:31:02","slug":"la-madre-de-cecilia-strzyzowski-pidio-justicia-y-rechazo-la-venganza","status":"publish","type":"post","link":"https:\/\/corrientesdetarde.com\/index.php\/policiales\/la-madre-de-cecilia-strzyzowski-pidio-justicia-y-rechazo-la-venganza\/","title":{"rendered":"La madre de Cecilia Strzyzowski pidi\u00f3 justicia y rechaz\u00f3 la venganza"},"content":{"rendered":"\n<p>Gloria Romero encabez\u00f3 ayer una masiva movilizaci\u00f3n &#8220;de despedida&#8221; para su hija y declar\u00f3 que &#8220;el ojo por ojo deja ciego al mundo&#8221;. La manifestaci\u00f3n se desarroll\u00f3 a poco menos de 20 d\u00edas de la desaparici\u00f3n y posible femicidio.<\/p>\n\n\n\n<p>&#8220;No soy una persona vengativa. Yo quiero justicia, no venganza. El ojo por ojo deja ciego al mundo. No quiero que nadie me use para su campa\u00f1a&#8221;, manifest\u00f3 Gloria Romero, madre de Cecilia Strzyzowski, la joven desaparecida en Chaco, ante los cientos de personas que la acompa\u00f1aron en la plaza 25 de Mayo en la capital chaque\u00f1a.<\/p>\n\n\n\n<p>&#8220;As\u00ed como borraron a mi hija como si fuera un insecto y su vida no valiera nada, yo quiero que borremos el nombre de esta gente de Resistencia&#8221;, expres\u00f3 Romero ante una muchedumbre que incluy\u00f3 a familiares de v\u00edctimas de otros hechos violentos.<\/p>\n\n\n\n<p>Adem\u00e1s, la mujer pidi\u00f3 realizar manifestaciones &#8220;sin cortes de calle&#8221; y &#8220;en forma pac\u00edfica&#8221;. &#8220;Hay que mantener esta plaza limpia porque la limpieza trae el turismo y el turismo trae dinero para nuestra gente&#8221;, expres\u00f3.<\/p>\n\n\n\n<p>&#8220;No hay ninguna esperanza de que la encuentren con vida&#8221;, apunt\u00f3 y precis\u00f3: &#8220;Es ceremonia para recordar a Cecilia, para que la gente la conozca&#8221;.<\/p>\n\n\n\n<p>Envuelta en una bandera de color rosa, Romero se present\u00f3 con una bolsa repleta de globos del mismo color listos para ser liberados al cielo.<\/p>\n\n\n\n<p>Con consignas de pedidos de justicia, cientos de personas se acercaron a la plaza de la capital chaque\u00f1a para conmemorar a la joven desaparecida desde el 1 de junio. &#8220;No quiero venganza&#8221;, asegur\u00f3 y explic\u00f3: &#8220;El ojo por ojo deja ciego al mundo&#8221;.<\/p>\n\n\n\n<p>Tras el discurso, se produjo una suelta de globos y comenz\u00f3 una marcha por los alrededores de la plaza en que pod\u00eda verse a mujeres que protestaban por la desaparici\u00f3n de Cecilia y su posible femicidio.<\/p>\n\n\n\n<p>&#8220;No estamos todas, falta Cecilia&#8221;, rezaba uno de los innumerables carteles que se llevaban las manifestantes.<\/p>\n\n\n\n<p>En las \u00faltimas horas, Gendarmer\u00eda Nacional comenz\u00f3 a custodiar tres viviendas pertenecientes a la familia de Strzyzowski, luego que sus integrantes recibieran amenazas.<\/p>\n\n\n\n<p>&#8220;Me siento un poco m\u00e1s tranquila. Como ver\u00e1n, mi cara cambi\u00f3 porque me pusieron un m\u00f3vil en la puerta de mi casa y hac\u00eda d\u00edas que no dorm\u00eda porque con mi hija est\u00e1bamos alertas&#8221;, expres\u00f3 la mujer al respecto. Por la desaparici\u00f3n de Cecilia se encuentra detenido su esposo, C\u00e9sar Sena, y los padres de \u00e9l, el dirigente piquetero Emerenciano Sena y Marcela Acu\u00f1a.<\/p>\n\n\n\n<p>Como novedad en la investigaci\u00f3n, el fiscal Jorge G\u00f3mez, que investiga la desaparici\u00f3n de Cecilia Strzyzowski, sostuvo que los elementos recolectados hasta el momento se\u00f1alan que la joven fue asesinada en la ma\u00f1ana del \u00faltimo 2 de junio en la casa de sus suegros.<\/p>\n","protected":false},"excerpt":{"rendered":"<p>Gloria Romero encabez\u00f3 ayer una masiva movilizaci\u00f3n &#8220;de despedida&#8221; para su hija y declar\u00f3 que &#8220;el ojo por ojo deja ciego al mundo&#8221;. La manifestaci\u00f3n se desarroll\u00f3 a poco menos&hellip; <\/p>\n","protected":false},"author":3,"featured_media":68339,"comment_status":"closed","ping_status":"open","sticky":false,"template":"","format":"standard","meta":{"footnotes":""},"categories":[33],"tags":[],"class_list":["post-68338","post","type-post","status-publish","format-standard","has-post-thumbnail","hentry","category-policiales"],"_links":{"self":[{"href":"https:\/\/corrientesdetarde.com\/index.php\/wp-json\/wp\/v2\/posts\/68338","targetHints":{"allow":["GET"]}}],"collection":[{"href":"https:\/\/corrientesdetarde.com\/index.php\/wp-json\/wp\/v2\/posts"}],"about":[{"href":"https:\/\/corrientesdetarde.com\/index.php\/wp-json\/wp\/v2\/types\/post"}],"author":[{"embeddable":true,"href":"https:\/\/corrientesdetarde.com\/index.php\/wp-json\/wp\/v2\/users\/3"}],"replies":[{"embeddable":true,"href":"https:\/\/corrientesdetarde.com\/index.php\/wp-json\/wp\/v2\/comments?post=68338"}],"version-history":[{"count":1,"href":"https:\/\/corrientesdetarde.com\/index.php\/wp-json\/wp\/v2\/posts\/68338\/revisions"}],"predecessor-version":[{"id":68340,"href":"https:\/\/corrientesdetarde.com\/index.php\/wp-json\/wp\/v2\/posts\/68338\/revisions\/68340"}],"wp:featuredmedia":[{"embeddable":true,"href":"https:\/\/corrientesdetarde.com\/index.php\/wp-json\/wp\/v2\/media\/68339"}],"wp:attachment":[{"href":"https:\/\/corrientesdetarde.com\/index.php\/wp-json\/wp\/v2\/media?parent=68338"}],"wp:term":[{"taxonomy":"category","embeddable":true,"href":"https:\/\/corrientesdetarde.com\/index.php\/wp-json\/wp\/v2\/categories?post=68338"},{"taxonomy":"post_tag","embeddable":true,"href":"https:\/\/corrientesdetarde.com\/index.php\/wp-json\/wp\/v2\/tags?post=68338"}],"curies":[{"name":"wp","href":"https:\/\/api.w.org\/{rel}","templated":true}]}}