{"id":68363,"date":"2023-06-20T09:07:31","date_gmt":"2023-06-20T12:07:31","guid":{"rendered":"https:\/\/corrientesdetarde.com\/?p=68363"},"modified":"2023-06-20T09:07:35","modified_gmt":"2023-06-20T12:07:35","slug":"capital-cometieron-robos-en-un-local-polirrubro-y-dos-farmacias","status":"publish","type":"post","link":"https:\/\/corrientesdetarde.com\/index.php\/policiales\/capital-cometieron-robos-en-un-local-polirrubro-y-dos-farmacias\/","title":{"rendered":"Capital: cometieron robos en un local polirrubro y dos farmacias"},"content":{"rendered":"\n<p>Para entrar a la tienda de art\u00edculos varios rompieron una ventana. Aparte de mercader\u00edas llevaron dinero. En las farmacias destrozaron vidrieras lanzando cascotes y as\u00ed consumar el robo de pa\u00f1ales y elementos de higiene.<\/p>\n\n\n\n<p>Al menos tres locales comerciales fueron blanco de la delincuencia durante este fin de semana largo en la ciudad de Corrientes. Los negocios afectados en el accionar de ladrones son un polirrubro y dos farmacias.<\/p>\n\n\n\n<p>Adem\u00e1s, en distintos barrios se registraron sustracci\u00f3n de motocicletas y bicicletas del interior de viviendas.<\/p>\n\n\n\n<p>De acuerdo a informaci\u00f3n conocida ayer por diario \u00e9poca, los il\u00edcitos sucedieron a la madrugada en los barrios San Jos\u00e9, Sur, San Mart\u00edn e Irup\u00e9.<\/p>\n\n\n\n<p>El s\u00e1bado a la madrugada violentaron las rejas de una ventana de una tienda de art\u00edculos varios situada en calle Medrano al 1100.<\/p>\n\n\n\n<p>El delito habr\u00eda sido cometido por al menos dos malvivientes. Uno de ellos, se cree, accedi\u00f3 al sal\u00f3n de ventas; mientras el c\u00f3mplice oficiaba de &#8220;campana&#8221; en la vereda.<\/p>\n\n\n\n<figure class=\"wp-block-image\"><img decoding=\"async\" src=\"https:\/\/www.diarioepoca.com\/content\/bucket\/2\/1303412w380h390c.jpg.webp\" alt=\"\"\/><figcaption>ROTURA DE CRISTAL EN UNA DE LAS FARMACIAS.<\/figcaption><\/figure>\n\n\n\n<p>Con total impunidad sustrajeron dinero efectivo de una caja, una computadora port\u00e1til, un reproductor de sonido est\u00e9reo, una m\u00e1quina para cortar cabello, cables unipolares, productos de belleza, seis conjuntos de ropa interior y otras mercader\u00edas.<\/p>\n\n\n\n<p>Aparentemente para generar los da\u00f1os sobre las rejas met\u00e1licas utilizaron alg\u00fan tipo de herramienta que sirvi\u00f3 como palanca.<\/p>\n\n\n\n<p>Los propietarios del comercio denominado &#8220;R.M. Store&#8221; descubrieron el delito en horario de la ma\u00f1ana. Tras ello, decidieron radicar la correspondiente denuncia penal en la comisar\u00eda seccional Decimosexta.<\/p>\n\n\n\n<p>La computadora marca Asus, de color gris, conten\u00eda importante material de estudio de una carrera universitaria, sumado a im\u00e1genes en fotos y videos de mucha utilidad para su propietario.<\/p>\n\n\n\n<p>Hasta ayer ninguna de las mercader\u00edas u objeto de electr\u00f3nica mencionados en la denuncia fue recuperado.<\/p>\n\n\n\n<p>El episodio gener\u00f3 un da\u00f1o econ\u00f3mico significativo, ya que adem\u00e1s de la sustracci\u00f3n de todos los bienes mencionados deb\u00edan realizar arreglos que demandar\u00e1n una inversi\u00f3n para asegurar el local.<\/p>\n\n\n\n<p>Entre el domingo y el lunes, a la madrugada, las vidrieras de dos farmacias del barrio Sur finalizaron da\u00f1adas a ra\u00edz del impacto de piedras, lanzadas de parte de malvivientes con finalidad de robos.<\/p>\n\n\n\n<p>Seg\u00fan fuentes policiales, consultadas por este medio, uno los delitos ocurri\u00f3 en calle Gutenberg al 2200 donde reventaron los cristales con un pedazo de ladrillo.<\/p>\n\n\n\n<p>A trav\u00e9s de la rotura generada sacaron bolsas de pa\u00f1ales, shampoo, cremas de enjuague y otras mercader\u00edas exhibidas al p\u00fablico. El lugar cuenta con una puerta de rejas que no lograron abrir.<\/p>\n\n\n\n<p>A los pocos minutos, alrededor de las 6, se produjeron da\u00f1os en la segunda farmacia ubicada en calle P\u00edo XII, entre Madariaga y Perugorr\u00eda.<\/p>\n\n\n\n<p>Con igual modalidad, presuntamente los mismos ladrones, alcanzaron a sustraer algunos art\u00edculos colocados a la venta y exhibidos en una g\u00f3ndola.<\/p>\n\n\n\n<p>Polic\u00edas de la comisar\u00eda seccional Tercera acudieron a ambos locales comerciales para dar inicio de oficio a las causas de &#8220;robo&#8221;.<\/p>\n\n\n\n<h2 class=\"wp-block-heading\">Moto<\/h2>\n\n\n\n<figure class=\"wp-block-image\"><img decoding=\"async\" src=\"https:\/\/www.diarioepoca.com\/content\/bucket\/1\/1303411w380h391c.jpg.webp\" alt=\"\"\/><figcaption>MOTOCICLETA SUSTRA\u00cdDA EN EL BARRIO IRUP\u00c9.<\/figcaption><\/figure>\n\n\n\n<p>Una motocicleta marca Zanella ZB 110 fue sustra\u00edda del frente de una vivienda del barrio Irup\u00e9. Se trata del veh\u00edculo propiedad de un hombre que lo hab\u00eda estacionado apenas un par de minutos antes, a las 19.<\/p>\n\n\n\n<p>&#8220;Por favor cualquier informaci\u00f3n ser\u00e1 de mucha ayuda. Es la herramienta de trabajo de mi marido, ya est\u00e1 hecha la denuncia&#8221;, solicit\u00f3 ayer la esposa del damnificado.<\/p>\n\n\n\n<p>En el caso tom\u00f3 participaci\u00f3n la comisar\u00eda seccional Vigesimoprimera. Al paso de las horas, personal de esa dependencia habr\u00eda obtenido la identidad de un sospechoso y continuaba con la investigaci\u00f3n pertinente.<\/p>\n\n\n\n<h2 class=\"wp-block-heading\">Frente al hospital<\/h2>\n\n\n\n<figure class=\"wp-block-image\"><img decoding=\"async\" src=\"https:\/\/www.diarioepoca.com\/content\/bucket\/0\/1303410w380h385c.jpg.webp\" alt=\"\"\/><figcaption>LA BICICLETA, PROPIEDAD DE UNA ENFERMERA.<\/figcaption><\/figure>\n\n\n\n<p>En tanto, una bicicleta Milano, rodado 29, propiedad de una mujer, fue sustra\u00edda frente al Hospital Vidal en el barrio San Mart\u00edn.<\/p>\n\n\n\n<p>El rodado estaba asegurado con un candado con cadena y pese a ello delincuentes lograron llev\u00e1rselo.<\/p>\n\n\n\n<p>La v\u00edctima es una empleada del establecimiento m\u00e9dico y explic\u00f3 que el domingo a la tarde &#8220;entr\u00e9 a mi trabajo&#8221; y la bicicleta ya no estaba &#8220;cuando sal\u00ed&#8221;.<\/p>\n\n\n\n<p>Al darse cuenta del robo no dud\u00f3 en recurrir a la Polic\u00eda. De esa forma asent\u00f3 la denuncia en la comisar\u00eda seccional Segunda.<\/p>\n","protected":false},"excerpt":{"rendered":"<p>Para entrar a la tienda de art\u00edculos varios rompieron una ventana. Aparte de mercader\u00edas llevaron dinero. En las farmacias destrozaron vidrieras lanzando cascotes y as\u00ed consumar el robo de pa\u00f1ales&hellip; <\/p>\n","protected":false},"author":3,"featured_media":68364,"comment_status":"closed","ping_status":"open","sticky":false,"template":"","format":"standard","meta":{"footnotes":""},"categories":[33],"tags":[],"class_list":["post-68363","post","type-post","status-publish","format-standard","has-post-thumbnail","hentry","category-policiales"],"_links":{"self":[{"href":"https:\/\/corrientesdetarde.com\/index.php\/wp-json\/wp\/v2\/posts\/68363","targetHints":{"allow":["GET"]}}],"collection":[{"href":"https:\/\/corrientesdetarde.com\/index.php\/wp-json\/wp\/v2\/posts"}],"about":[{"href":"https:\/\/corrientesdetarde.com\/index.php\/wp-json\/wp\/v2\/types\/post"}],"author":[{"embeddable":true,"href":"https:\/\/corrientesdetarde.com\/index.php\/wp-json\/wp\/v2\/users\/3"}],"replies":[{"embeddable":true,"href":"https:\/\/corrientesdetarde.com\/index.php\/wp-json\/wp\/v2\/comments?post=68363"}],"version-history":[{"count":1,"href":"https:\/\/corrientesdetarde.com\/index.php\/wp-json\/wp\/v2\/posts\/68363\/revisions"}],"predecessor-version":[{"id":68365,"href":"https:\/\/corrientesdetarde.com\/index.php\/wp-json\/wp\/v2\/posts\/68363\/revisions\/68365"}],"wp:featuredmedia":[{"embeddable":true,"href":"https:\/\/corrientesdetarde.com\/index.php\/wp-json\/wp\/v2\/media\/68364"}],"wp:attachment":[{"href":"https:\/\/corrientesdetarde.com\/index.php\/wp-json\/wp\/v2\/media?parent=68363"}],"wp:term":[{"taxonomy":"category","embeddable":true,"href":"https:\/\/corrientesdetarde.com\/index.php\/wp-json\/wp\/v2\/categories?post=68363"},{"taxonomy":"post_tag","embeddable":true,"href":"https:\/\/corrientesdetarde.com\/index.php\/wp-json\/wp\/v2\/tags?post=68363"}],"curies":[{"name":"wp","href":"https:\/\/api.w.org\/{rel}","templated":true}]}}