{"id":68366,"date":"2023-06-20T09:08:28","date_gmt":"2023-06-20T12:08:28","guid":{"rendered":"https:\/\/corrientesdetarde.com\/?p=68366"},"modified":"2023-06-20T09:08:29","modified_gmt":"2023-06-20T12:08:29","slug":"corrientes-crece-el-consumo-de-cafe-y-paquetes-rendidores-son-preferidos","status":"publish","type":"post","link":"https:\/\/corrientesdetarde.com\/index.php\/informacion-general\/corrientes-crece-el-consumo-de-cafe-y-paquetes-rendidores-son-preferidos\/","title":{"rendered":"Corrientes: crece el consumo de caf\u00e9 y paquetes rendidores son preferidos"},"content":{"rendered":"\n<p>La demanda cafetera comenz\u00f3 a sentirse en supermercados y mayoristas de la capital. Y si bien las presentaciones econ\u00f3micas son las favoritas, hay quienes pueden llegar a pagar casi $3.000 por marcas premium.<\/p>\n\n\n\n<p>En una provincia donde las temperaturas son elevadas la mayor parte del a\u00f1o, no es extra\u00f1o que el caf\u00e9 sea uno de los productos con menos rotaci\u00f3n en los supermercados y mayoristas. Sin embargo, la llegada de la temporada oto\u00f1al despert\u00f3 este mes el inter\u00e9s de los correntinos por la bebida que aporta unas buenas dosis de calor\u00edas.<\/p>\n\n\n\n<p>Desde dos comercios de referencia en la ciudad dieron testimonio del aumento de la demanda pese a que los precios no son nada &#8220;amigables con el bolsillo&#8221;.<\/p>\n\n\n\n<p>A la hora de elegir un caf\u00e9, los clientes se inclinan principalmente por aquellos paquetes que ofrezcan un equilibrio ideal entre precio y cantidad. De esta forma, el paquete de Nescaf\u00e9 &#8220;Tradici\u00f3n 100% Puro&#8221; por 150 gramos, a $600, es el que cosechaba mayores ventas en un hipermercado ubicado en la esquina de avenida Ferr\u00e9 y Chacabuco. En segundo lugar le segu\u00eda La Virginia &#8220;caf\u00e9 instant\u00e1neo&#8221; por 100 gramos a $614.<\/p>\n\n\n\n<p>Una oferta interesante, m\u00e1s si se tiene en cuenta que otras marcas como Arlist\u00e1n (170 gramos) cotizaba a $1.435. De igual manera, esta firma ten\u00eda una opci\u00f3n econ\u00f3mica: un frasco por 50 gramos a $431.<\/p>\n\n\n\n<p>Por otra parte, en un mayorista ubicado sobre Jun\u00edn casi San Juan, el paquete m\u00e1s elegido era La Virginia &#8220;Torrado Equilibrado&#8221; por 250 gramos a $912. En segundo lugar, La Morenita &#8220;Torrado Balanceado&#8221; a $827,95 por 250 gramos. En el mismo sitio se pod\u00eda conseguir un frasco Dolca de 100 gramos a $909,56.<\/p>\n\n\n\n<p>&#8220;En los \u00faltimos d\u00edas comenzamos a ver que m\u00e1s clientes se acercan a las g\u00f3ndolas de los caf\u00e9s. Por su puesto que las ventas siguen muy por debajo de yerbas o t\u00e9s, pero es auspicioso que repunte la demanda para estos productos. Ya que si bien la mayor\u00eda opta por los paquetes m\u00e1s rendidores, hay quienes saben de sabor y calidad y optan por una marca premium. Es un permitido&#8221;, brindaron un panorama desde el hipermercado.<\/p>\n\n\n\n<p>En el comercio, una de las marcas que ten\u00eda buena demanda pese a su costo era Cabrales. La variedad Super Cabrales &#8220;Tostado Molido&#8221; alcanzaba los $2.775 por 500 gramos. Mientras que otro que no captaba atenci\u00f3n era Nescaf\u00e9 Gold &#8220;Tostado y Molido&#8221; a $1.185 por 250 gramos.<\/p>\n\n\n\n<p>En el mayorista del microcentro, la marca VIP elegida tambi\u00e9n era Super Cabrales, pero en su presentaci\u00f3n por 125 gramos a $1.370 en su precio para venta minorista. &#8220;Con el caf\u00e9 pasa algo muy particular. La gente que lo consume sabe apreciar la diferencia de sabores y est\u00e1 dispuesta a invertir unos buenos pesos en gozar de una experiencia agradable en su paladar&#8221;, dijeron desde la cadena.<\/p>\n\n\n\n<p>Otros productos envasados como capuchino o presentaciones en c\u00e1psula no eran tenidos en cuenta.<\/p>\n\n\n\n<figure class=\"wp-block-image\"><img decoding=\"async\" src=\"https:\/\/www.diarioepoca.com\/content\/bucket\/8\/1303398w380h181c.jpg.webp\" alt=\"\"\/><figcaption>LOS PRODUCTOS M\u00c1S COSTOSOS EN G\u00d3NDOLA.<\/figcaption><\/figure>\n\n\n\n<h2 class=\"wp-block-heading\">\u00bfCaf\u00e9 que no es?<\/h2>\n\n\n\n<figure class=\"wp-block-image\"><img decoding=\"async\" src=\"https:\/\/www.diarioepoca.com\/content\/bucket\/6\/1303446w380h251c.jpg.webp\" alt=\"\"\/><\/figure>\n\n\n\n<p>Arlist\u00e1n es una de las marcas con opciones m\u00e1s econ\u00f3micas en el mercado, pero ha estado en el centro de la pol\u00e9mica en las redes al verse acusado por &#8220;publicidad enga\u00f1osa&#8221;. Desde 2019, nutricionistas se\u00f1alaron que su presentaci\u00f3n de tapa naranja no se trata de caf\u00e9, sino de un polvo a base de caf\u00e9 con jarabe de glucosa; algo que en la misma etiqueta del producto se especifica.<\/p>\n\n\n\n<p>&#8220;Como est\u00e1 rotulado, los fabricantes dejan a disposici\u00f3n de los consumidores su elecci\u00f3n&#8221;, sostuvo Marisol Franco, licenciada en Nutrici\u00f3n.<\/p>\n\n\n\n<p>El problema es que la leyenda se encuentra ubicada en el extremo inferior derecho con una tipograf\u00eda muy peque\u00f1a.<\/p>\n\n\n\n<h2 class=\"wp-block-heading\">Escasez<\/h2>\n\n\n\n<p>Brasil, el tercer exportador mundial, ya comenz\u00f3 a recoger su cosecha de 2023\/24 y los operadores hab\u00edan depositado sus esperanzas en que el pa\u00eds cubriera el d\u00e9ficit provocado por la escasa oferta procedente de Asia.<\/p>\n\n\n\n<p>En ese sentido, la agrupaci\u00f3n brasile\u00f1a de exportadores de caf\u00e9, CECAFE, se mantiene optimista sobre las perspectivas de exportaci\u00f3n. Sin embargo, los operadores y expertos afirman que la oferta de robusta es tan escasa en Asia que incluso 3 millones de sacos exportados desde Brasil -el l\u00edmite superior de sus previsiones- podr\u00edan no ser suficientes para cubrir la brecha. &#8220;Si hubiera 5 millones de sacos (de exportaciones de robusta de Brasil) podr\u00eda haber una ca\u00edda de los precios, pero siendo realistas vamos a ver una escasez sin precedentes que se prolongar\u00e1 hasta el pr\u00f3ximo a\u00f1o&#8221;, dijeron.<\/p>\n","protected":false},"excerpt":{"rendered":"<p>La demanda cafetera comenz\u00f3 a sentirse en supermercados y mayoristas de la capital. Y si bien las presentaciones econ\u00f3micas son las favoritas, hay quienes pueden llegar a pagar casi $3.000&hellip; <\/p>\n","protected":false},"author":3,"featured_media":68367,"comment_status":"closed","ping_status":"open","sticky":false,"template":"","format":"standard","meta":{"footnotes":""},"categories":[1],"tags":[],"class_list":["post-68366","post","type-post","status-publish","format-standard","has-post-thumbnail","hentry","category-informacion-general"],"_links":{"self":[{"href":"https:\/\/corrientesdetarde.com\/index.php\/wp-json\/wp\/v2\/posts\/68366","targetHints":{"allow":["GET"]}}],"collection":[{"href":"https:\/\/corrientesdetarde.com\/index.php\/wp-json\/wp\/v2\/posts"}],"about":[{"href":"https:\/\/corrientesdetarde.com\/index.php\/wp-json\/wp\/v2\/types\/post"}],"author":[{"embeddable":true,"href":"https:\/\/corrientesdetarde.com\/index.php\/wp-json\/wp\/v2\/users\/3"}],"replies":[{"embeddable":true,"href":"https:\/\/corrientesdetarde.com\/index.php\/wp-json\/wp\/v2\/comments?post=68366"}],"version-history":[{"count":1,"href":"https:\/\/corrientesdetarde.com\/index.php\/wp-json\/wp\/v2\/posts\/68366\/revisions"}],"predecessor-version":[{"id":68368,"href":"https:\/\/corrientesdetarde.com\/index.php\/wp-json\/wp\/v2\/posts\/68366\/revisions\/68368"}],"wp:featuredmedia":[{"embeddable":true,"href":"https:\/\/corrientesdetarde.com\/index.php\/wp-json\/wp\/v2\/media\/68367"}],"wp:attachment":[{"href":"https:\/\/corrientesdetarde.com\/index.php\/wp-json\/wp\/v2\/media?parent=68366"}],"wp:term":[{"taxonomy":"category","embeddable":true,"href":"https:\/\/corrientesdetarde.com\/index.php\/wp-json\/wp\/v2\/categories?post=68366"},{"taxonomy":"post_tag","embeddable":true,"href":"https:\/\/corrientesdetarde.com\/index.php\/wp-json\/wp\/v2\/tags?post=68366"}],"curies":[{"name":"wp","href":"https:\/\/api.w.org\/{rel}","templated":true}]}}