{"id":68370,"date":"2023-06-20T09:10:12","date_gmt":"2023-06-20T12:10:12","guid":{"rendered":"https:\/\/corrientesdetarde.com\/?p=68370"},"modified":"2023-06-20T09:10:16","modified_gmt":"2023-06-20T12:10:16","slug":"cuando-es-el-proximo-fin-de-semana-largo","status":"publish","type":"post","link":"https:\/\/corrientesdetarde.com\/index.php\/informacion-general\/cuando-es-el-proximo-fin-de-semana-largo\/","title":{"rendered":"Cu\u00e1ndo es el pr\u00f3ximo fin de semana largo"},"content":{"rendered":"\n<p>El a\u00f1o 2023 tiene varios fines de semana largos y extra largos. Hay un total de 19 d\u00edas festivos en el pa\u00eds.<\/p>\n\n\n\n<p>El cronograma de Feriados para 2023, dispuestos por el Decreto 764 firmado por el presidente Alberto Fern\u00e1ndez, prev\u00e9 para este a\u00f1o 14 feriados inamovibles, 2 trasladables y 3 con fines tur\u00edsticos, lo que contabiliza un total de 19 d\u00edas festivos.<\/p>\n\n\n\n<p>El pr\u00f3ximo fin de semana largo llega en el mes de agosto.<\/p>\n\n\n\n<p>Los feriados inamovibles<br>Entre los primeros -inamovibles- est\u00e1n el 1\u00b0 de enero (A\u00f1o Nuevo), 20 y 21 de febrero (Feriados de Carnaval), el 24 de marzo (D\u00eda Nacional de la Memoria por la Verdad y la Justicia) y el 2 de abril (D\u00eda del Veterano y de los Ca\u00eddos en la Guerra de Malvinas).<\/p>\n\n\n\n<p>Luego sigue el 7 de abril (Viernes Santo), el 1\u00b0 de mayo (D\u00eda del Trabajador), el 25 de mayo (D\u00eda de la Revoluci\u00f3n de Mayo), el 17 de junio (Paso a la Inmortalidad del General Don Mart\u00edn Miguel de G\u00fcemes), el 20 de junio (Paso a la Inmortalidad del General Manuel Belgrano), el 9 de julio (D\u00eda de la Independencia), el 20 de noviembre (D\u00eda de la Soberan\u00eda Nacional), el 8 de diciembre (D\u00eda de la Inmaculada Concepci\u00f3n de Mar\u00eda) y el 25 de diciembre (Navidad).<\/p>\n\n\n\n<p>&nbsp;<br>Feriados trasladables y tur\u00edsticos<br>En tanto, entre los feriados trasladables, el 17 de agosto (Paso a la Inmortalidad del General Jos\u00e9 de San Mart\u00edn) se celebrar\u00e1 el lunes 21 de agosto; y el 12 de octubre (D\u00eda del Respeto a la Diversidad Cultural) se celebrar\u00e1 el lunes 16 de octubre.<\/p>\n\n\n\n<p>En cuanto a los feriados con fines tur\u00edsticos, el decreto estableci\u00f3 como fechas el viernes 26 de mayo (puente con el feriado del jueves 25 de mayo, D\u00eda de la Revoluci\u00f3n de Mayo), el lunes 19 de junio (puente con el feriado del martes 20 de junio, Paso a la Inmortalidad del General Manuel Belgrano) y el viernes 13 de octubre (fin de semana largo, de cuatro d\u00edas, por traslado del jueves 12 de octubre -D\u00eda del Respeto a la Diversidad Cultural- al lunes 16 de octubre.<\/p>\n\n\n\n<p>&nbsp;<br><strong>Resumen de feriados 2023<\/strong><\/p>\n\n\n\n<p>En definitiva, el a\u00f1o contar\u00e1 con cuatro fines de semana extra largos, de cuatro d\u00edas cada uno -a saber: del s\u00e1bado 18 de febrero al martes 21 de febrero; del jueves 25 al domingo 28 de mayo; del s\u00e1bado 17 al martes 20 de junio; y del viernes 13 al lunes 16 de octubre -, los que contribuir\u00e1n a impulsar las escapadas y, con ellas, el crecimiento de la actividad tur\u00edstica.<\/p>\n\n\n\n<p><strong>Feriados de enero 2023<\/strong><\/p>\n\n\n\n<p>Domingo 1 de enero (a\u00f1o nuevo)<br>Feriados febrero 2023<\/p>\n\n\n\n<p><br>Lunes 20 de febrero (carnaval)<br>Martes 21 de febrero (carnaval)<\/p>\n\n\n\n<p>Feriados marzo 2023<br>Viernes 24 de marzo (D\u00eda Nacional de la Memoria por la Verdad y la Justicia)<br>Feriados abril 2023<br>Domingo 2 de abril (D\u00eda del Veterano y de los ca\u00eddos en la Guerra de Malvinas)<br>Viernes 7 de abril (Viernes Santo)<\/p>\n\n\n\n<p>Feriados mayo 2023<br>Lunes 1 de mayo (D\u00eda del Trabajador)<br>Jueves 25 de mayo (D\u00eda de la Revoluci\u00f3n de Mayo)<br>Viernes 26 de mayo (feriado puente)<br>Feriados de junio de 2023<br>S\u00e1bado 17 de junio (Paso a la Inmortalidad del General Don Mart\u00edn Miguel de G\u00fcemes)<br>Lunes 19 de junio (feriado puente)<br>Martes 20 de junio (Paso a la Inmortalidad del General Manuel Belgrano)<br>Feriados de julio de 2023<br>Domingo 9 de julio (D\u00eda de la Independencia) &#8211; Fijo<\/p>\n\n\n\n<p>Feriados de agosto de 2023<br>Lunes 21 de agosto (Paso a la Inmortalidad del General Jos\u00e9 de San Mart\u00edn por el 17 de agosto)<\/p>\n\n\n\n<p>Feriados de octubre de 2023<br>&nbsp;Viernes 13 de octubre (feriado puente tur\u00edstico)<br>Lunes 16 de octubre (D\u00eda del Respeto a la Diversidad Cultural)<\/p>\n\n\n\n<p>Feriados de noviembre de 2023<br>&nbsp;Lunes 20 de noviembre (D\u00eda de la Soberan\u00eda)<br>Feriados de diciembre de 2023<br>8 de diciembre (D\u00eda de la Inmaculada Concepci\u00f3n de Mar\u00eda)<br>25 de diciembre (Navidad)<\/p>\n","protected":false},"excerpt":{"rendered":"<p>El a\u00f1o 2023 tiene varios fines de semana largos y extra largos. Hay un total de 19 d\u00edas festivos en el pa\u00eds. El cronograma de Feriados para 2023, dispuestos por&hellip; <\/p>\n","protected":false},"author":3,"featured_media":68371,"comment_status":"closed","ping_status":"open","sticky":false,"template":"","format":"standard","meta":{"footnotes":""},"categories":[1],"tags":[],"class_list":["post-68370","post","type-post","status-publish","format-standard","has-post-thumbnail","hentry","category-informacion-general"],"_links":{"self":[{"href":"https:\/\/corrientesdetarde.com\/index.php\/wp-json\/wp\/v2\/posts\/68370","targetHints":{"allow":["GET"]}}],"collection":[{"href":"https:\/\/corrientesdetarde.com\/index.php\/wp-json\/wp\/v2\/posts"}],"about":[{"href":"https:\/\/corrientesdetarde.com\/index.php\/wp-json\/wp\/v2\/types\/post"}],"author":[{"embeddable":true,"href":"https:\/\/corrientesdetarde.com\/index.php\/wp-json\/wp\/v2\/users\/3"}],"replies":[{"embeddable":true,"href":"https:\/\/corrientesdetarde.com\/index.php\/wp-json\/wp\/v2\/comments?post=68370"}],"version-history":[{"count":1,"href":"https:\/\/corrientesdetarde.com\/index.php\/wp-json\/wp\/v2\/posts\/68370\/revisions"}],"predecessor-version":[{"id":68372,"href":"https:\/\/corrientesdetarde.com\/index.php\/wp-json\/wp\/v2\/posts\/68370\/revisions\/68372"}],"wp:featuredmedia":[{"embeddable":true,"href":"https:\/\/corrientesdetarde.com\/index.php\/wp-json\/wp\/v2\/media\/68371"}],"wp:attachment":[{"href":"https:\/\/corrientesdetarde.com\/index.php\/wp-json\/wp\/v2\/media?parent=68370"}],"wp:term":[{"taxonomy":"category","embeddable":true,"href":"https:\/\/corrientesdetarde.com\/index.php\/wp-json\/wp\/v2\/categories?post=68370"},{"taxonomy":"post_tag","embeddable":true,"href":"https:\/\/corrientesdetarde.com\/index.php\/wp-json\/wp\/v2\/tags?post=68370"}],"curies":[{"name":"wp","href":"https:\/\/api.w.org\/{rel}","templated":true}]}}