{"id":68458,"date":"2023-06-20T18:59:21","date_gmt":"2023-06-20T21:59:21","guid":{"rendered":"https:\/\/corrientesdetarde.com\/?p=68458"},"modified":"2023-06-20T18:59:23","modified_gmt":"2023-06-20T21:59:23","slug":"piqueteros-cortaron-la-rotonda-de-la-virgen-por-los-detenidos-en-jujuy","status":"publish","type":"post","link":"https:\/\/corrientesdetarde.com\/index.php\/politica\/piqueteros-cortaron-la-rotonda-de-la-virgen-por-los-detenidos-en-jujuy\/","title":{"rendered":"Piqueteros cortaron la Rotonda de la Virgen por los detenidos en Jujuy."},"content":{"rendered":"\n<h2 class=\"wp-block-heading\">La crisis en la provincia del norte fue motivo de reclamos en la ciudad. Los manifestantes estuvieron varias horas interrumpiendo uno de los principales accesos.<\/h2>\n\n\n\n<p>Organizaciones piqueteras de Corrientes llevaron adelante una protesta en la ciudad por la represi\u00f3n en la provincia de Jujuy. Reclamaron la liberaci\u00f3n de los detenidos.<\/p>\n\n\n\n<p>La manifestaci\u00f3n se llev\u00f3 adelante en la zona de la Rotonda de la Virgen. Interrumpieron uno de los principales accesos a la ciudad.<\/p>\n\n\n\n<p>Llegaron pasadas las 9 de la ma\u00f1ana y terminaron con la protesta cerca del mediod\u00eda. La situaci\u00f3n de Jujuy fue el motivo del reclamo.<\/p>\n\n\n\n<p>Es que en la provincia del norte llevan semanas de protestas sociales en contra de las reformas constitucionales de Gerardo Morales. Esta situaci\u00f3n activ\u00f3 fuertes protestas y la represi\u00f3n policial.<\/p>\n\n\n\n<p>Los manifestantes de Polo Obrero reclamaron por la liberaci\u00f3n de todos los detenidos. Adem\u00e1s, tambi\u00e9n pidieron al Gobierno Nacional por alimentos para sus comedores<\/p>\n\n\n\n<figure class=\"wp-block-image\"><img decoding=\"async\" src=\"https:\/\/www.lt7noticias.com\/content\/bucket\/4\/49144w770h433c.jpg.webp\" alt=\"\"\/><\/figure>\n\n\n\n<p><\/p>\n","protected":false},"excerpt":{"rendered":"<p>La crisis en la provincia del norte fue motivo de reclamos en la ciudad. Los manifestantes estuvieron varias horas interrumpiendo uno de los principales accesos. Organizaciones piqueteras de Corrientes llevaron&hellip; <\/p>\n","protected":false},"author":6,"featured_media":68465,"comment_status":"closed","ping_status":"open","sticky":false,"template":"","format":"standard","meta":{"footnotes":""},"categories":[3],"tags":[],"class_list":["post-68458","post","type-post","status-publish","format-standard","has-post-thumbnail","hentry","category-politica"],"_links":{"self":[{"href":"https:\/\/corrientesdetarde.com\/index.php\/wp-json\/wp\/v2\/posts\/68458","targetHints":{"allow":["GET"]}}],"collection":[{"href":"https:\/\/corrientesdetarde.com\/index.php\/wp-json\/wp\/v2\/posts"}],"about":[{"href":"https:\/\/corrientesdetarde.com\/index.php\/wp-json\/wp\/v2\/types\/post"}],"author":[{"embeddable":true,"href":"https:\/\/corrientesdetarde.com\/index.php\/wp-json\/wp\/v2\/users\/6"}],"replies":[{"embeddable":true,"href":"https:\/\/corrientesdetarde.com\/index.php\/wp-json\/wp\/v2\/comments?post=68458"}],"version-history":[{"count":1,"href":"https:\/\/corrientesdetarde.com\/index.php\/wp-json\/wp\/v2\/posts\/68458\/revisions"}],"predecessor-version":[{"id":68466,"href":"https:\/\/corrientesdetarde.com\/index.php\/wp-json\/wp\/v2\/posts\/68458\/revisions\/68466"}],"wp:featuredmedia":[{"embeddable":true,"href":"https:\/\/corrientesdetarde.com\/index.php\/wp-json\/wp\/v2\/media\/68465"}],"wp:attachment":[{"href":"https:\/\/corrientesdetarde.com\/index.php\/wp-json\/wp\/v2\/media?parent=68458"}],"wp:term":[{"taxonomy":"category","embeddable":true,"href":"https:\/\/corrientesdetarde.com\/index.php\/wp-json\/wp\/v2\/categories?post=68458"},{"taxonomy":"post_tag","embeddable":true,"href":"https:\/\/corrientesdetarde.com\/index.php\/wp-json\/wp\/v2\/tags?post=68458"}],"curies":[{"name":"wp","href":"https:\/\/api.w.org\/{rel}","templated":true}]}}