{"id":68459,"date":"2023-06-20T18:06:54","date_gmt":"2023-06-20T21:06:54","guid":{"rendered":"https:\/\/corrientesdetarde.com\/?p=68459"},"modified":"2023-06-20T18:06:56","modified_gmt":"2023-06-20T21:06:56","slug":"un-pitbull-ataco-a-un-nino-de-tres-anos-y-esta-grave","status":"publish","type":"post","link":"https:\/\/corrientesdetarde.com\/index.php\/informacion-general\/un-pitbull-ataco-a-un-nino-de-tres-anos-y-esta-grave\/","title":{"rendered":"Un pitbull atac\u00f3 a un ni\u00f1o de tres a\u00f1os y est\u00e1 grave."},"content":{"rendered":"\n<h2 class=\"wp-block-heading\">El perro era de la familia y tras el ataque tuvo que ser entregado a una organizaci\u00f3n proteccionista. El menor permanece internado, pero fuera de peligro.<\/h2>\n\n\n\n<p><strong>Un nene de tres a\u00f1os fue atacado por un\u00a0pitbull\u00a0y termin\u00f3 internado en un hospital de C\u00f3rdoba\u00a0<\/strong>como consecuencia de las heridas. El perro era la mascota de la familia del peque\u00f1o, por lo que tuvieron que entregarlo a una organizaci\u00f3n protectora de animales.<\/p>\n\n\n\n<p>El violento episodio, que podr\u00eda haber terminado en tragedia, ocurri\u00f3 el lunes por la madrugada en una vivienda del barrio Arg\u00fcello, en la capital provincial.<\/p>\n\n\n\n<p>Hasta el momento no se determin\u00f3 en qu\u00e9 circunstancias ocurri\u00f3 el ataque, pero se supo que el menor fue mordido en varias partes de la cara.Sin pensarlo dos veces y en un r\u00e1pido accionar,&nbsp;<strong>su madre -una joven de 22 a\u00f1os- logr\u00f3 sacar a su hijo de las garras del pitbull.<\/strong><\/p>\n\n\n\n<p>A pesar de haber actuado a tiempo, el nene&nbsp;<strong>sufri\u00f3 mordidas en la zona de la mejilla, el cuello y la oreja.<\/strong><\/p>\n\n\n\n<h2 class=\"wp-block-heading\">El nene fue hospitalizado y el perro tuvo que ser entregado a una organizaci\u00f3n proteccionista<\/h2>\n\n\n\n<p>R\u00e1pidamente, la mam\u00e1 del menor llam\u00f3 al servicio de emergencias, y una ambulancia lo traslad\u00f3 al&nbsp;<strong>Hospital de Ni\u00f1os de C\u00f3rdoba<\/strong>, donde qued\u00f3 bajo observaci\u00f3n y le curaron las mordeduras.<\/p>\n\n\n\n<figure class=\"wp-block-image\"><img decoding=\"async\" src=\"https:\/\/tn.com.ar\/resizer\/0Ynt82KK-6RKNOmyzH_UPM3Ycqk=\/767x0\/smart\/filters:format(webp)\/cloudfront-us-east-1.images.arcpublishing.com\/artear\/GFEI2Z6LRJH7DB6QAMBFGZT4PU.jpg\" alt=\"Un nene de tres a\u00f1os fue mordido por un pitbull y su mam\u00e1 le salv\u00f3 la vida. El menor termin\u00f3 internado en el Hospital de Ni\u00f1os de C\u00f3rdoba. (Foto: Hoy d\u00eda C\u00f3rdoba)\"\/><figcaption>Un nene de tres a\u00f1os fue mordido por un pitbull y su mam\u00e1 le salv\u00f3 la vida. El menor termin\u00f3 internado en el Hospital de Ni\u00f1os de C\u00f3rdoba. (Foto: Hoy d\u00eda C\u00f3rdoba)<\/figcaption><\/figure>\n\n\n\n<p>La v\u00edctima de tres a\u00f1os deber\u00e1 permanecer internada por algunos d\u00edas, y los m\u00e9dicos indicaron que<strong>&nbsp;ser\u00e1 tratado con antibi\u00f3ticos<\/strong>&nbsp;para evitar que se forme una infecci\u00f3n generalizada.<\/p>\n\n\n\n<p>Tras el ataque, la Justicia de C\u00f3rdoba orden\u00f3 a la Patrulla Ambiental del municipio que procesa con secuestro del animal, el cual<strong>\u00a0fue derivado a una organizaci\u00f3n protectora.<\/strong><\/p>\n\n\n\n<p><\/p>\n\n\n\n<p><em>Fuente: Todo Noticias.<\/em><\/p>\n","protected":false},"excerpt":{"rendered":"<p>El perro era de la familia y tras el ataque tuvo que ser entregado a una organizaci\u00f3n proteccionista. El menor permanece internado, pero fuera de peligro. Un nene de tres&hellip; <\/p>\n","protected":false},"author":6,"featured_media":68463,"comment_status":"closed","ping_status":"open","sticky":false,"template":"","format":"standard","meta":{"footnotes":""},"categories":[1],"tags":[],"class_list":["post-68459","post","type-post","status-publish","format-standard","has-post-thumbnail","hentry","category-informacion-general"],"_links":{"self":[{"href":"https:\/\/corrientesdetarde.com\/index.php\/wp-json\/wp\/v2\/posts\/68459","targetHints":{"allow":["GET"]}}],"collection":[{"href":"https:\/\/corrientesdetarde.com\/index.php\/wp-json\/wp\/v2\/posts"}],"about":[{"href":"https:\/\/corrientesdetarde.com\/index.php\/wp-json\/wp\/v2\/types\/post"}],"author":[{"embeddable":true,"href":"https:\/\/corrientesdetarde.com\/index.php\/wp-json\/wp\/v2\/users\/6"}],"replies":[{"embeddable":true,"href":"https:\/\/corrientesdetarde.com\/index.php\/wp-json\/wp\/v2\/comments?post=68459"}],"version-history":[{"count":1,"href":"https:\/\/corrientesdetarde.com\/index.php\/wp-json\/wp\/v2\/posts\/68459\/revisions"}],"predecessor-version":[{"id":68464,"href":"https:\/\/corrientesdetarde.com\/index.php\/wp-json\/wp\/v2\/posts\/68459\/revisions\/68464"}],"wp:featuredmedia":[{"embeddable":true,"href":"https:\/\/corrientesdetarde.com\/index.php\/wp-json\/wp\/v2\/media\/68463"}],"wp:attachment":[{"href":"https:\/\/corrientesdetarde.com\/index.php\/wp-json\/wp\/v2\/media?parent=68459"}],"wp:term":[{"taxonomy":"category","embeddable":true,"href":"https:\/\/corrientesdetarde.com\/index.php\/wp-json\/wp\/v2\/categories?post=68459"},{"taxonomy":"post_tag","embeddable":true,"href":"https:\/\/corrientesdetarde.com\/index.php\/wp-json\/wp\/v2\/tags?post=68459"}],"curies":[{"name":"wp","href":"https:\/\/api.w.org\/{rel}","templated":true}]}}