{"id":68540,"date":"2023-06-21T08:43:32","date_gmt":"2023-06-21T11:43:32","guid":{"rendered":"https:\/\/corrientesdetarde.com\/?p=68540"},"modified":"2023-06-21T08:43:34","modified_gmt":"2023-06-21T11:43:34","slug":"rodrigo-eguillor-es-inimputable-y-la-justicia-cerro-la-causa-en-su-contra-por-abuso-sexual","status":"publish","type":"post","link":"https:\/\/corrientesdetarde.com\/index.php\/actualidad\/rodrigo-eguillor-es-inimputable-y-la-justicia-cerro-la-causa-en-su-contra-por-abuso-sexual\/","title":{"rendered":"Rodrigo Eguillor es inimputable y la Justicia cerr\u00f3 la causa en su contra por abuso sexual"},"content":{"rendered":"\n<p>El Tribunal concluy\u00f3, a trav\u00e9s de las pericias psicol\u00f3gicas, que el hijo de la fiscal padece de trastorno de esquizofrenia paranoide desde los 14 a\u00f1os.<\/p>\n\n\n\n<p>La Justicia&nbsp;cerr\u00f3 la causa por&nbsp;abuso&nbsp;sexual contra&nbsp;<strong>Rodrigo Eguillor, hijo de la fiscal Paula Mart\u00ednez Castro<\/strong>, luego de que las pericias psicol\u00f3gicas hayan demostrado que es&nbsp;<strong>inimputable<\/strong>&nbsp;por&nbsp;padecer&nbsp;<strong>trastorno de esquizofrenia paranoide&nbsp;desde los 14 a\u00f1os.&nbsp;<\/strong><\/p>\n\n\n\n<p>Fue el propio Tribunal Oral Criminal 10 qui\u00e9n confirm\u00f3 la noticia que favorece al joven de 28 a\u00f1os&nbsp;acusado de \u201c<strong>abuso sexual agravado por el acceso carnal, privaci\u00f3n ilegal de la libertad agravada por mediar violencia y amenazas\u201d<\/strong>, adem\u00e1s de lesiones leves dolosas agravadas por mediar&nbsp;<strong>violencia de g\u00e9nero<\/strong>.&nbsp;<\/p>\n\n\n\n<p>En todo el proceso el joven fue sometido a&nbsp;<strong>diversas pericias psicol\u00f3gicas y psiqui\u00e1tricas.<\/strong>&nbsp;Por este motivo, a fines de 2019 los m\u00e9dicos concluyeron que ten\u00eda un&nbsp;<strong>\u201ctrastorno mental\u201d<\/strong>&nbsp;por lo que se suspendi\u00f3 su dictamen en contra.&nbsp;<\/p>\n\n\n\n<p>A pesar de los reiterados pedidos de su defensa por quedar sobrese\u00eddo, la medida de la Justicia fue&nbsp;<strong>incrementar las pericias con una junta m\u00e9dica<\/strong>&nbsp;para determinar si Rodrigo &#8220;<strong>resultaba cr\u00f3nico e irreversible o si una eventual mejor\u00eda<\/strong>, considerando el tratamiento psiqui\u00e1trico y psicol\u00f3gico al que era sometido, le permitir\u00eda ejercer acabadamente sus derechos en el marco del proceso\u201d.<\/p>\n\n\n\n<p>Esto deriv\u00f3 que en febrero de 2022 los especialistas, Esteban Toro Martinez, M\u00f3nica Herran, Soledad Puppo, Mart\u00edn Arag\u00fcez y Gustavo Dom\u00ednguez, concluyeran<strong>: &#8220;Se trata de un sujeto que padece un trastorno mental cr\u00f3nico consistente en antecedentes de trastorno por uso de sustancias, trastorno de la personalidad y trastorno psic\u00f3tico no especificado parcialmente compensado\u201d.<\/strong><\/p>\n\n\n\n<p>&#8220;No es sencillo ni acaso posible \u00addesde las disciplinas que conforman el campo de la salud mental\u00ad poder aseverar con certeza que su cuadro es irreversible, pero s\u00ed es posible diagnosticar que es cr\u00f3nico, que requerir\u00e1 tratamiento psiqui\u00e1trico y que requerir\u00e1 tratamiento psiqui\u00e1trico y psicol\u00f3gico de por vida y que no deber\u00e1 abandonar la medicaci\u00f3n psicofarmacol\u00f3gica\u201d, detallaron.&nbsp;<\/p>\n\n\n\n<p>Ante lo analizado, informaron que&nbsp;Rodrigo Eguillor<strong>&nbsp;\u201cpadece un trastorno psic\u00f3tico cr\u00f3nico<\/strong>&nbsp;no especificado parcialmente compensado, un&nbsp;<strong>trastorno de la personalidad de caracter\u00edsticas cr\u00f3nicas<\/strong>&nbsp;y antecedentes de trastorno por uso de sustancias cuya previsi\u00f3n es que&nbsp;<strong>requerir\u00e1 tratamiento psiqui\u00e1trico y psicol\u00f3gico de por vida\u201d.<\/strong><\/p>\n\n\n\n<p>Tras el resultado, el abogado pidi\u00f3 su inimputabilidad y sobreseimiento en la causa, hecho que confirm\u00f3 en las \u00faltimas horas el Tribunal.&nbsp;<\/p>\n\n\n\n<p>Aun as\u00ed, remarcan que ambos pedidos no se relacionan ya que&nbsp;<strong>&#8220;el&nbsp;trastorno que presenta es de larga base y conocido desde el inicio del proceso, no puede afirmarse que, al momento de la presunta comisi\u00f3n de los hechos, al momento de la presunta comisi\u00f3n de los hechos, Eguillor no haya podido comprender la criminalidad de sus actos ni dirigir sus acciones\u201d<\/strong>.<\/p>\n\n\n\n<h2 class=\"wp-block-heading\">Denuncia contra Eguillor&nbsp;<\/h2>\n\n\n\n<p>Rodrigo estuvo envuelto en un esc\u00e1ndalo cuando en noviembre de 2018 fue&nbsp;<strong>filmado&nbsp;forcejeando en el balc\u00f3n de un departamento en San Telmo con una joven<\/strong>, de 22 a\u00f1os.&nbsp;<\/p>\n\n\n\n<p>A pesar de que en un comienzo hab\u00edan arreglado para juntarse, todo tom\u00f3 un giro inesperado cuando la estudiante sostuvo que&nbsp;<strong>Eguillor&nbsp;la viol\u00f3 sin preservativo<\/strong>&nbsp;y fue all\u00ed cuando quiso escapar y sali\u00f3 al balc\u00f3n.<\/p>\n\n\n\n<p>Con la trascendencia del video en redes sociales, el propio Rodrigo sali\u00f3 a manifestar que&nbsp;<strong>ella se quer\u00eda suicidar y que \u00e9l solo la estaba salvando.&nbsp;<\/strong><\/p>\n\n\n\n<p>\u201cYo fui el que estaba en pelotas abajo de la lluvia ese jueves 15 de noviembre, yo fui el \u00fanico que la salv\u00f3,<em><strong>&nbsp;<\/strong><\/em><strong>fui el \u00e1ngel, le salv\u00e9 la vida.&nbsp;<\/strong>Cuando la agarr\u00e9 del cuello, porque se me patinaba, yo era el que le dec\u00eda al o\u00eddo que nos \u00edbamos a ir al Caribe, a Europa, para distraerla. Pero no, se quer\u00eda tirar\u201d, asegur\u00f3.&nbsp;<\/p>\n\n\n\n<p>Previo a estar detenido durante m\u00e1s de un a\u00f1o, fue apresado por querer&nbsp;<strong>escapar del pa\u00eds para ver la final de Boca-River en Madrid<\/strong>&nbsp;y porque se le sum\u00f3&nbsp;<strong>otra denuncia en su contra.&nbsp;<\/strong><\/p>\n\n\n\n<p>Durante la pandemia consigui\u00f3 obtener el beneficio de la&nbsp;<strong>prisi\u00f3n domiciliaria<\/strong>&nbsp;y se instal\u00f3 en la casa de su mam\u00e1 en zona sur a la espera de saber c\u00f3mo continuaba si situaci\u00f3n procesal.<\/p>\n","protected":false},"excerpt":{"rendered":"<p>El Tribunal concluy\u00f3, a trav\u00e9s de las pericias psicol\u00f3gicas, que el hijo de la fiscal padece de trastorno de esquizofrenia paranoide desde los 14 a\u00f1os. La Justicia&nbsp;cerr\u00f3 la causa por&nbsp;abuso&nbsp;sexual&hellip; <\/p>\n","protected":false},"author":4,"featured_media":68548,"comment_status":"closed","ping_status":"open","sticky":false,"template":"","format":"standard","meta":{"footnotes":""},"categories":[23],"tags":[],"class_list":["post-68540","post","type-post","status-publish","format-standard","has-post-thumbnail","hentry","category-actualidad"],"_links":{"self":[{"href":"https:\/\/corrientesdetarde.com\/index.php\/wp-json\/wp\/v2\/posts\/68540","targetHints":{"allow":["GET"]}}],"collection":[{"href":"https:\/\/corrientesdetarde.com\/index.php\/wp-json\/wp\/v2\/posts"}],"about":[{"href":"https:\/\/corrientesdetarde.com\/index.php\/wp-json\/wp\/v2\/types\/post"}],"author":[{"embeddable":true,"href":"https:\/\/corrientesdetarde.com\/index.php\/wp-json\/wp\/v2\/users\/4"}],"replies":[{"embeddable":true,"href":"https:\/\/corrientesdetarde.com\/index.php\/wp-json\/wp\/v2\/comments?post=68540"}],"version-history":[{"count":1,"href":"https:\/\/corrientesdetarde.com\/index.php\/wp-json\/wp\/v2\/posts\/68540\/revisions"}],"predecessor-version":[{"id":68549,"href":"https:\/\/corrientesdetarde.com\/index.php\/wp-json\/wp\/v2\/posts\/68540\/revisions\/68549"}],"wp:featuredmedia":[{"embeddable":true,"href":"https:\/\/corrientesdetarde.com\/index.php\/wp-json\/wp\/v2\/media\/68548"}],"wp:attachment":[{"href":"https:\/\/corrientesdetarde.com\/index.php\/wp-json\/wp\/v2\/media?parent=68540"}],"wp:term":[{"taxonomy":"category","embeddable":true,"href":"https:\/\/corrientesdetarde.com\/index.php\/wp-json\/wp\/v2\/categories?post=68540"},{"taxonomy":"post_tag","embeddable":true,"href":"https:\/\/corrientesdetarde.com\/index.php\/wp-json\/wp\/v2\/tags?post=68540"}],"curies":[{"name":"wp","href":"https:\/\/api.w.org\/{rel}","templated":true}]}}