{"id":68541,"date":"2023-06-21T08:37:58","date_gmt":"2023-06-21T11:37:58","guid":{"rendered":"https:\/\/corrientesdetarde.com\/?p=68541"},"modified":"2023-06-21T08:38:01","modified_gmt":"2023-06-21T11:38:01","slug":"provincia-y-municipio-reclaman-ayuda-de-nacion-en-la-crisis-con-el-transporte-en-corrientes","status":"publish","type":"post","link":"https:\/\/corrientesdetarde.com\/index.php\/locales\/provincia-y-municipio-reclaman-ayuda-de-nacion-en-la-crisis-con-el-transporte-en-corrientes\/","title":{"rendered":"Provincia y Municipio reclaman AYUDA de Naci\u00f3n en la crisis con el transporte en Corrientes"},"content":{"rendered":"\n<p>Para el gobernador Gustavo Vald\u00e9s y el intendente Eduardo Tassano, el problema que afronta el transporte de pasajeros urbanos tiene su origen en la inequidad con la que el Gobierno Nacional distribuye los fondos para el subsidio al sector. &#8220;Se reparte diez veces m\u00e1s para el AMBA respecto de las empresas del interior&#8221;, aseveraron.<\/p>\n\n\n\n<p>Empresarios y colectiveros reanudan el di\u00e1logo. Vald\u00e9s y Tassano alegaron que trabajan en una soluci\u00f3n, pero que faltan aportes federales.<\/p>\n\n\n\n<p>Los funcionarios coincidieron en denunciar incumplimientos de la administraci\u00f3n federal que genera conflictos c\u00edclicos entre las empresas, sobre todo las que prestan servicios en las provincias, y la dirigencia de la Uni\u00f3n Tranviarios Automotor (UTA).<\/p>\n\n\n\n<p>El gremio adelant\u00f3 que, de no mediar un acuerdo en la reuni\u00f3n que se celebrar\u00e1 hoy a partir de las 16 en el Ministerio de Trabajo, desarrollar\u00e1 un nuevo paro de actividades a partir de las cero horas del jueves 22, medida que afectar\u00e1 a las ciudades del interior y a Corrientes.<\/p>\n\n\n\n<p>Desde la Federaci\u00f3n Argentina del Transporte Automotor de Pasajeros (FATAP) tambi\u00e9n advirtieron que en las actuales circunstancias de desfinanciamiento no pueden hacer frente a los aumentos reclamados por los trabajadores.<\/p>\n\n\n\n<p><strong>Inequidad<\/strong><br>&nbsp;<\/p>\n\n\n\n<p>&#8220;El subsidio a la Capital Federal y al AMBA es escandalosamente superior al interior y, hasta el d\u00eda de hoy, no se corrige y hace a las inequidades que existen en la Rep\u00fablica Argentina&#8221;, manifest\u00f3 el gobernador Vald\u00e9s al terminar la toma de promesa de lealtad a la bandera a los estudiantes de cuarto grado de las escuelas correntinas.<\/p>\n\n\n\n<p>Respecto al aporte que hace la Provincia al sistema de transporte de pasajeros, el Mandatario expres\u00f3: &#8220;Estamos cumpliendo nuestras responsabilidades, el problema es que hay un incumplimiento por parte de la Naci\u00f3n&#8221;.<\/p>\n\n\n\n<p>Agreg\u00f3: &#8220;Lo que desde las provincias reclamamos es que haya m\u00e1s equidad. Se pone diez veces en el AMBA, en la Capital Federal. Y en el interior de Argentina tenemos que soportar mayores costos en el boleto de transporte, hay diferenciaci\u00f3n en las tarifas de la luz, combustibles. Tenemos que construir una Argentina de manera diferente&#8221;.<\/p>\n\n\n\n<p>En cuanto a la soluci\u00f3n expres\u00f3 que desde su gesti\u00f3n tienen pendiente una reuni\u00f3n con el sector. &#8220;Haremos un esfuerzo para el bienestar de todos los correntinos&#8221;.<\/p>\n\n\n\n<p><strong>Tarifa<\/strong><br>&nbsp;<\/p>\n\n\n\n<p>El intendente de la ciudad de Corrientes admiti\u00f3 que se analizan las variables de los costos del servicio del transporte y aclar\u00f3: &#8220;Nosotros tenemos una tarifaria anual, esa es la costumbre&#8221; y aclar\u00f3 que &#8220;hay un hecho extraordinario que es la inflaci\u00f3n muy alta y desfasada, a lo que se suma el problema del Gobierno Nacional con sus habituales desajustes y la proporci\u00f3n de subsidio es muy baja para nosotros respecto al AMBA&#8221;.<\/p>\n\n\n\n<p>Tambi\u00e9n, al terminar el acto de promesa de lealtad a la bandera en la Costanera Juan Pablo II, Tassano inform\u00f3 que trabajan en esas cuestiones. &#8220;Analizamos qu\u00e9 soluci\u00f3n podemos dar&#8221;.<\/p>\n\n\n\n<p>En cuanto a la posibilidad de huelga manifest\u00f3: &#8220;Sabemos que estamos ante la perspectiva de un paro. Seguiremos conversando con el sector privado y el Gobierno de la Provincia para ver qu\u00e9 alternativas tenemos&#8221;.<\/p>\n\n\n\n<p>El martes 13 de junio hubo un paro de 24 horas tras la falta de acuerdo y la FATAP emiti\u00f3 un comunicado en el cual destac\u00f3 que &#8220;los recursos que deben destinarse a la actividad no alcanzan para cumplir con las obligaciones salariales, menos a\u00fan con la recomposici\u00f3n y el incremento solicitado, pero tampoco resultan suficientes para que las empresas dispongan de los recursos necesarios para garantizar la continuidad de los servicios&#8221;.<\/p>\n\n\n\n<p>Los colectiveros reclaman aumentos salariales escalonados que proponen un sueldo de $348.800 en julio, $380.192 en agosto y una remuneraci\u00f3n b\u00e1sica de $414.409 en septiembre. Tambi\u00e9n piden un incremento en los vi\u00e1ticos para los choferes de $1.997 en julio, $2.176 en agosto y $2.372 en septiembre.<\/p>\n","protected":false},"excerpt":{"rendered":"<p>Para el gobernador Gustavo Vald\u00e9s y el intendente Eduardo Tassano, el problema que afronta el transporte de pasajeros urbanos tiene su origen en la inequidad con la que el Gobierno&hellip; <\/p>\n","protected":false},"author":4,"featured_media":68546,"comment_status":"closed","ping_status":"open","sticky":false,"template":"","format":"standard","meta":{"footnotes":""},"categories":[8],"tags":[],"class_list":["post-68541","post","type-post","status-publish","format-standard","has-post-thumbnail","hentry","category-locales"],"_links":{"self":[{"href":"https:\/\/corrientesdetarde.com\/index.php\/wp-json\/wp\/v2\/posts\/68541","targetHints":{"allow":["GET"]}}],"collection":[{"href":"https:\/\/corrientesdetarde.com\/index.php\/wp-json\/wp\/v2\/posts"}],"about":[{"href":"https:\/\/corrientesdetarde.com\/index.php\/wp-json\/wp\/v2\/types\/post"}],"author":[{"embeddable":true,"href":"https:\/\/corrientesdetarde.com\/index.php\/wp-json\/wp\/v2\/users\/4"}],"replies":[{"embeddable":true,"href":"https:\/\/corrientesdetarde.com\/index.php\/wp-json\/wp\/v2\/comments?post=68541"}],"version-history":[{"count":1,"href":"https:\/\/corrientesdetarde.com\/index.php\/wp-json\/wp\/v2\/posts\/68541\/revisions"}],"predecessor-version":[{"id":68547,"href":"https:\/\/corrientesdetarde.com\/index.php\/wp-json\/wp\/v2\/posts\/68541\/revisions\/68547"}],"wp:featuredmedia":[{"embeddable":true,"href":"https:\/\/corrientesdetarde.com\/index.php\/wp-json\/wp\/v2\/media\/68546"}],"wp:attachment":[{"href":"https:\/\/corrientesdetarde.com\/index.php\/wp-json\/wp\/v2\/media?parent=68541"}],"wp:term":[{"taxonomy":"category","embeddable":true,"href":"https:\/\/corrientesdetarde.com\/index.php\/wp-json\/wp\/v2\/categories?post=68541"},{"taxonomy":"post_tag","embeddable":true,"href":"https:\/\/corrientesdetarde.com\/index.php\/wp-json\/wp\/v2\/tags?post=68541"}],"curies":[{"name":"wp","href":"https:\/\/api.w.org\/{rel}","templated":true}]}}