{"id":68550,"date":"2023-06-21T08:50:41","date_gmt":"2023-06-21T11:50:41","guid":{"rendered":"https:\/\/corrientesdetarde.com\/?p=68550"},"modified":"2023-06-21T08:50:43","modified_gmt":"2023-06-21T11:50:43","slug":"el-papa-recibio-a-diaz-canel-mientras-se-realizaba-una-pequena-manifestacion-de-opositores-cubanos","status":"publish","type":"post","link":"https:\/\/corrientesdetarde.com\/index.php\/internacionales\/el-papa-recibio-a-diaz-canel-mientras-se-realizaba-una-pequena-manifestacion-de-opositores-cubanos\/","title":{"rendered":"El Papa recibi\u00f3 a D\u00edaz-Canel mientras se realizaba una peque\u00f1a manifestaci\u00f3n de opositores cubanos"},"content":{"rendered":"\n<p>Si bien no trascendieron mayores detalles sobre la entrevista de unos 40 minutos, se supo que se abord\u00f3 la situaci\u00f3n en la isla.<\/p>\n\n\n\n<p>El&nbsp;<strong>papa Francisco<\/strong>&nbsp;se reuni\u00f3 el martes con el presidente cubano,&nbsp;<strong>Miguel D\u00edaz-Canel<\/strong>, que realiza un inusual viaje a Occidente, mientras la polic\u00eda manten\u00eda alejada del Vaticano una peque\u00f1a manifestaci\u00f3n que exig\u00eda respeto a los derechos humanos en la isla.<\/p>\n\n\n\n<p><strong>Un comunicado del Vaticano no dio detalles sobre lo que se discuti\u00f3 durante la reuni\u00f3n de 40 minutos, pero dijo que en las conversaciones posteriores de D\u00edaz-Canel con diplom\u00e1ticos de la Santa Sede el tema fue la situaci\u00f3n actual en Cuba<\/strong>. Esto parec\u00eda ser una referencia a la grave situaci\u00f3n financiera del pa\u00eds.<\/p>\n\n\n\n<p>El presidente cubano dijo poco despu\u00e9s en Twitter: &#8220;Abordamos la realidad cubana actual, en particular el severo impacto en nuestra poblaci\u00f3n del bloqueo econ\u00f3mico recrudecido&#8221;, en alusi\u00f3n a una serie de sanciones que Washington impone a La Habana desde hace d\u00e9cadas.<\/p>\n\n\n\n<p>El martes, el mandatario cubano tambi\u00e9n dialog\u00f3 con el Cardenal Pietro Parolin, secretario de Estado del Vaticano. &#8220;Ratificamos la voluntad de continuar fortaleciendo&#8221; las relaciones entre Cuba y la Santa Sede.<\/p>\n\n\n\n<figure class=\"wp-block-embed is-type-rich is-provider-twitter wp-block-embed-twitter\"><div class=\"wp-block-embed__wrapper\">\n<blockquote class=\"twitter-tweet\" data-width=\"550\" data-dnt=\"true\"><p lang=\"es\" dir=\"ltr\">Muy grato reencuentro hoy con Su Santidad el Papa Francisco, a quien transmit\u00ed el profundo cari\u00f1o y deseos de plena recuperaci\u00f3n del pueblo cubano.<br><br>Fue una conversaci\u00f3n franca. Confirmamos amplias coincidencias en temas acuciantes de la agenda internacional para la humanidad. <a href=\"https:\/\/t.co\/PZOmmbhtW1\">pic.twitter.com\/PZOmmbhtW1<\/a><\/p>&mdash; Miguel D\u00edaz-Canel Berm\u00fadez (@DiazCanelB) <a href=\"https:\/\/twitter.com\/DiazCanelB\/status\/1671126730130481152?ref_src=twsrc%5Etfw\">June 20, 2023<\/a><\/blockquote><script async src=\"https:\/\/platform.twitter.com\/widgets.js\" charset=\"utf-8\"><\/script>\n<\/div><\/figure>\n\n\n\n<p><strong>Cuba sufre una crisis econ\u00f3mica sin precedentes, con una escasez generalizada de alimentos, combustible y medicinas que ha provocado un flujo r\u00e9cord de migrantes a Estados Unidos en el \u00faltimo a\u00f1o<\/strong>. Seg\u00fan un comunicado de la embajada cubana, D\u00edaz-Canel expres\u00f3 su apoyo a los esfuerzos del pont\u00edfice por alcanzar la paz, proteger el medio ambiente, promover el desarme nuclear y defender a los pobres.<\/p>\n\n\n\n<p>D\u00edaz-Canel, que tambi\u00e9n ten\u00eda previsto reunirse en Roma con el presidente italiano, Sergio Mattarella, y con funcionarios de organismos alimentarios de la ONU, viaja pocas veces a pa\u00edses occidentales. En noviembre, visit\u00f3 China y Rusia para reunirse con los presidentes de ambos pa\u00edses.<\/p>\n\n\n\n<p>Francisco visit\u00f3 Cuba en 2015 y se reuni\u00f3 con el l\u00edder revolucionario Fidel Castro, fallecido en 2016.&nbsp;<strong>Mientras el Santo Padre y D\u00edaz-Canel se reun\u00edan, alrededor de una decena de manifestantes opositores al gobierno cubano realizaron una protesta cerca del r\u00edo T\u00edber<\/strong>, a unas seis cuadras de distancia. Hab\u00edan planeado celebrarla frente a la Plaza de San Pedro, pero la polic\u00eda no se los permiti\u00f3.<\/p>\n\n\n\n<p>Los manifestantes enarbolaron banderas cubanas e italianas y exigieron la liberaci\u00f3n de aquellos a los que consideran presos pol\u00edticos. Enarbolaron una gran pancarta en la que se le\u00eda &#8220;Respeto a los derechos humanos en Cuba&#8221;.<\/p>\n\n\n\n<p><strong>Cuba ha enfrentado duras cr\u00edticas de grupos de defensa de los derechos humanos, y de Estados Unidos y la Uni\u00f3n Europea tras el encarcelamiento de cientos de manifestantes luego de las protestas del 11 de julio de 2021<\/strong>, las mayores desde la revoluci\u00f3n castrista de 1959. Algunos de los que salieron a la calle, enfadados por los apagones y la escasez en medio de la pandemia del coronavirus, exigieron un cambio de gobierno.<\/p>\n\n\n\n<p>Las autoridades cubanas han declarado que las personas encarceladas tras las manifestaciones de 2021 son culpables de delitos como des\u00f3rdenes p\u00fablicos, resistencia a la autoridad, robo y vandalismo. A pesar de la creciente presi\u00f3n internacional, no se han retractado de estos argumentos. Pero durante una visita a Cuba a principios de este a\u00f1o, el cardenal Benjamin Stella, enviado del Papa, dijo que hab\u00eda hablado con D\u00edaz-Canel sobre una posible liberaci\u00f3n de presos.<\/p>\n","protected":false},"excerpt":{"rendered":"<p>Si bien no trascendieron mayores detalles sobre la entrevista de unos 40 minutos, se supo que se abord\u00f3 la situaci\u00f3n en la isla. El&nbsp;papa Francisco&nbsp;se reuni\u00f3 el martes con el&hellip; <\/p>\n","protected":false},"author":4,"featured_media":68551,"comment_status":"closed","ping_status":"open","sticky":false,"template":"","format":"standard","meta":{"footnotes":""},"categories":[11],"tags":[],"class_list":["post-68550","post","type-post","status-publish","format-standard","has-post-thumbnail","hentry","category-internacionales"],"_links":{"self":[{"href":"https:\/\/corrientesdetarde.com\/index.php\/wp-json\/wp\/v2\/posts\/68550","targetHints":{"allow":["GET"]}}],"collection":[{"href":"https:\/\/corrientesdetarde.com\/index.php\/wp-json\/wp\/v2\/posts"}],"about":[{"href":"https:\/\/corrientesdetarde.com\/index.php\/wp-json\/wp\/v2\/types\/post"}],"author":[{"embeddable":true,"href":"https:\/\/corrientesdetarde.com\/index.php\/wp-json\/wp\/v2\/users\/4"}],"replies":[{"embeddable":true,"href":"https:\/\/corrientesdetarde.com\/index.php\/wp-json\/wp\/v2\/comments?post=68550"}],"version-history":[{"count":1,"href":"https:\/\/corrientesdetarde.com\/index.php\/wp-json\/wp\/v2\/posts\/68550\/revisions"}],"predecessor-version":[{"id":68552,"href":"https:\/\/corrientesdetarde.com\/index.php\/wp-json\/wp\/v2\/posts\/68550\/revisions\/68552"}],"wp:featuredmedia":[{"embeddable":true,"href":"https:\/\/corrientesdetarde.com\/index.php\/wp-json\/wp\/v2\/media\/68551"}],"wp:attachment":[{"href":"https:\/\/corrientesdetarde.com\/index.php\/wp-json\/wp\/v2\/media?parent=68550"}],"wp:term":[{"taxonomy":"category","embeddable":true,"href":"https:\/\/corrientesdetarde.com\/index.php\/wp-json\/wp\/v2\/categories?post=68550"},{"taxonomy":"post_tag","embeddable":true,"href":"https:\/\/corrientesdetarde.com\/index.php\/wp-json\/wp\/v2\/tags?post=68550"}],"curies":[{"name":"wp","href":"https:\/\/api.w.org\/{rel}","templated":true}]}}