{"id":68553,"date":"2023-06-21T08:52:23","date_gmt":"2023-06-21T11:52:23","guid":{"rendered":"https:\/\/corrientesdetarde.com\/?p=68553"},"modified":"2023-06-21T08:52:25","modified_gmt":"2023-06-21T11:52:25","slug":"el-congreso-de-colombia-no-le-aprobo-la-reforma-laboral-a-petro","status":"publish","type":"post","link":"https:\/\/corrientesdetarde.com\/index.php\/internacionales\/el-congreso-de-colombia-no-le-aprobo-la-reforma-laboral-a-petro\/","title":{"rendered":"El congreso de Colombia no le aprob\u00f3 la reforma laboral a Petro"},"content":{"rendered":"\n<p>&#8220;El hundimiento de la reforma laboral es muy grave. Demuestra que la voluntad de paz y de pacto social no existe en el poder econ\u00f3mico&#8221;, se quej\u00f3 el presidente colombiano.<\/p>\n\n\n\n<p><strong>La reforma destinada a\u00a0impulsar los derechos de los trabajadores colombianos\u00a0no fue aprobada en el Congreso, dijo el presidente del pa\u00eds, Gustavo Petro.<\/strong>\u00a0En una publicaci\u00f3n en Twitter, Petro culp\u00f3 a los &#8220;due\u00f1os del capital&#8221; y a los medios de &#8220;cooptar el Congreso en contra de la dignidad del pueblo trabajador&#8221;.<\/p>\n\n\n\n<p><strong>&#8220;El hundimiento de la reforma laboral es muy grave. Demuestra que la voluntad de paz y de pacto social no existe en el poder econ\u00f3mico&#8221;<\/strong>, se quej\u00f3 el mandatario.<\/p>\n\n\n\n<p><strong>&#8220;Creen que las ganancias salen de la esclavitud, las largas jornadas y la completa inestabilidad laboral. El gobierno del cambio no abandonar\u00e1 los intereses de la trabajadora y el trabajador&#8221;<\/strong>, agreg\u00f3 en la red social.<\/p>\n\n\n\n<p>La fundaci\u00f3n Fedesarrollo y ciertos analistas hab\u00edan advertido que la reforma corr\u00eda el riesgo de aumentar la cantidad de personas que trabajan en el mercado negro sin contratos formales.<\/p>\n\n\n\n<p><strong>La reforma fracas\u00f3 porque no asistieron suficientes legisladores a la votaci\u00f3n.<\/strong>&nbsp;La misma era parte del ambicioso intento de Petro de reformar el modelo econ\u00f3mico del pa\u00eds. Sus proyectos para impulsar la participaci\u00f3n estatal en la provisi\u00f3n de pensi\u00f3n y salud a\u00fan est\u00e1n en debate en el Congreso.<\/p>\n","protected":false},"excerpt":{"rendered":"<p>&#8220;El hundimiento de la reforma laboral es muy grave. Demuestra que la voluntad de paz y de pacto social no existe en el poder econ\u00f3mico&#8221;, se quej\u00f3 el presidente colombiano.&hellip; <\/p>\n","protected":false},"author":4,"featured_media":68554,"comment_status":"closed","ping_status":"open","sticky":false,"template":"","format":"standard","meta":{"footnotes":""},"categories":[11],"tags":[],"class_list":["post-68553","post","type-post","status-publish","format-standard","has-post-thumbnail","hentry","category-internacionales"],"_links":{"self":[{"href":"https:\/\/corrientesdetarde.com\/index.php\/wp-json\/wp\/v2\/posts\/68553","targetHints":{"allow":["GET"]}}],"collection":[{"href":"https:\/\/corrientesdetarde.com\/index.php\/wp-json\/wp\/v2\/posts"}],"about":[{"href":"https:\/\/corrientesdetarde.com\/index.php\/wp-json\/wp\/v2\/types\/post"}],"author":[{"embeddable":true,"href":"https:\/\/corrientesdetarde.com\/index.php\/wp-json\/wp\/v2\/users\/4"}],"replies":[{"embeddable":true,"href":"https:\/\/corrientesdetarde.com\/index.php\/wp-json\/wp\/v2\/comments?post=68553"}],"version-history":[{"count":1,"href":"https:\/\/corrientesdetarde.com\/index.php\/wp-json\/wp\/v2\/posts\/68553\/revisions"}],"predecessor-version":[{"id":68555,"href":"https:\/\/corrientesdetarde.com\/index.php\/wp-json\/wp\/v2\/posts\/68553\/revisions\/68555"}],"wp:featuredmedia":[{"embeddable":true,"href":"https:\/\/corrientesdetarde.com\/index.php\/wp-json\/wp\/v2\/media\/68554"}],"wp:attachment":[{"href":"https:\/\/corrientesdetarde.com\/index.php\/wp-json\/wp\/v2\/media?parent=68553"}],"wp:term":[{"taxonomy":"category","embeddable":true,"href":"https:\/\/corrientesdetarde.com\/index.php\/wp-json\/wp\/v2\/categories?post=68553"},{"taxonomy":"post_tag","embeddable":true,"href":"https:\/\/corrientesdetarde.com\/index.php\/wp-json\/wp\/v2\/tags?post=68553"}],"curies":[{"name":"wp","href":"https:\/\/api.w.org\/{rel}","templated":true}]}}